{"id":124447,"date":"2017-09-14T15:30:39","date_gmt":"2017-09-14T12:30:39","guid":{"rendered":"http:\/\/www.sana.sy\/tr\/?p=124447"},"modified":"2017-09-15T13:31:44","modified_gmt":"2017-09-15T10:31:44","slug":"garbi-deyrezzora-saha-gezisini-surduruyor-video","status":"publish","type":"post","link":"https:\/\/archive.sana.sy\/tr\/?p=124447","title":{"rendered":"Garbi Deyrezzor\u2019a Saha Gezisini S\u00fcrd\u00fcr\u00fcyor (video)"},"content":{"rendered":"<p>DEYREZZOR \u2013 Deyrezzor Kentine saha gezisinde bulunan \u0130\u00e7 Ticaret ve T\u00fcketiciyi Koruma Bakan\u0131 Abdullah el Garbi bug\u00fcn Deyrezzor Kentinde \u00e7ar\u015f\u0131-pazarlar\u0131n yan\u0131 s\u0131ra de\u011firmen ve Ticaret Kurumuna tabi sat\u0131\u015f merkezlerinde durumlar\u0131 inceledi.<\/p>\n<p>Vatanda\u015flara uygun fiyat ve kalitede muhtelif g\u0131da ve t\u00fcketim \u00fcr\u00fcnleri temin eden Ticaret Kurumu merkezlerinde zengin \u00e7e\u015fitlerin uygun fiyatlarla sat\u0131ld\u0131\u011f\u0131na dikkat \u00e7eken Bakan Garbi, bakanl\u0131\u011f\u0131n Deyrezzor Kenti ve ahalisinin her t\u00fcrl\u00fc ihtiya\u00e7lar\u0131n\u0131 temin etmek i\u00e7in haftada 2 g\u0131da ve t\u00fcketim maddeleri konvoyu g\u00f6nderece\u011fini a\u00e7\u0131klad\u0131.<\/p>\n<p>Ordu birliklerimizin Deyrezzor\u2019u I\u015e\u0130D ku\u015fatmas\u0131ndan kurtarmalar\u0131ndan hemen sonra kentte normal ya\u015fam\u0131n yava\u015f yava\u015f normale d\u00f6nmeye ba\u015flad\u0131\u011f\u0131n\u0131 ifade eden Bakan Garbi; piyasan\u0131n gerekli t\u00fcm maddelerle doldurulmas\u0131na \u00e7al\u0131\u015f\u0131ld\u0131\u011f\u0131n\u0131 kaydetti.<\/p>\n<p>Bakan Garbi Deyrezzor\u2019a saha gezisi kapsam\u0131nda kent kenarlar\u0131nda bulunan askeri bir birli\u011fi ziyaret ederek I\u015e\u0130D\u2019e kar\u015f\u0131 ba\u015far\u0131lar\u0131n\u0131 kutlad\u0131.<\/p>\n<p>https:\/\/www.youtube.com\/watch?v=gVwwE7e2DbQ<\/p>\n","protected":false},"excerpt":{"rendered":"<p>DEYREZZOR \u2013 Deyrezzor Kentine saha gezisinde bulunan \u0130\u00e7 Ticaret ve T\u00fcketiciyi Koruma Bakan\u0131 Abdullah el Garbi bug\u00fcn Deyrezzor Kentinde \u00e7ar\u015f\u0131-pazarlar\u0131n yan\u0131 s\u0131ra de\u011firmen ve Ticaret Kurumuna tabi sat\u0131\u015f merkezlerinde durumlar\u0131 inceledi. Vatanda\u015flara uygun fiyat ve kalitede muhtelif g\u0131da ve t\u00fcketim \u00fcr\u00fcnleri temin eden Ticaret Kurumu merkezlerinde zengin \u00e7e\u015fitlerin uygun fiyatlarla sat\u0131ld\u0131\u011f\u0131na dikkat \u00e7eken Bakan Garbi, &hellip;<\/p>\n","protected":false},"author":1,"featured_media":124449,"comment_status":"closed","ping_status":"closed","sticky":false,"template":"","format":"standard","meta":{"footnotes":""},"categories":[479,17988,478],"tags":[23261,32364,2494,32365,16591,22181,32360],"class_list":["post-124447","post","type-post","status-publish","format-standard","has-post-thumbnail","","category-haberler-yerel","category-son-haberler","category-yerel","tag-abdullah-el-garbi","tag-carsi-pazar-denetlemesi","tag-deyrezzor","tag-ic-ticaret-bakani","tag-suriye","tag-suriyeliler","tag-tuketiciyi-koruma-bakani"],"_links":{"self":[{"href":"https:\/\/archive.sana.sy\/tr\/index.php?rest_route=\/wp\/v2\/posts\/124447","targetHints":{"allow":["GET"]}}],"collection":[{"href":"https:\/\/archive.sana.sy\/tr\/index.php?rest_route=\/wp\/v2\/posts"}],"about":[{"href":"https:\/\/archive.sana.sy\/tr\/index.php?rest_route=\/wp\/v2\/types\/post"}],"author":[{"embeddable":true,"href":"https:\/\/archive.sana.sy\/tr\/index.php?rest_route=\/wp\/v2\/users\/1"}],"replies":[{"embeddable":true,"href":"https:\/\/archive.sana.sy\/tr\/index.php?rest_route=%2Fwp%2Fv2%2Fcomments&post=124447"}],"version-history":[{"count":0,"href":"https:\/\/archive.sana.sy\/tr\/index.php?rest_route=\/wp\/v2\/posts\/124447\/revisions"}],"wp:featuredmedia":[{"embeddable":true,"href":"https:\/\/archive.sana.sy\/tr\/index.php?rest_route=\/wp\/v2\/media\/124449"}],"wp:attachment":[{"href":"https:\/\/archive.sana.sy\/tr\/index.php?rest_route=%2Fwp%2Fv2%2Fmedia&parent=124447"}],"wp:term":[{"taxonomy":"category","embeddable":true,"href":"https:\/\/archive.sana.sy\/tr\/index.php?rest_route=%2Fwp%2Fv2%2Fcategories&post=124447"},{"taxonomy":"post_tag","embeddable":true,"href":"https:\/\/archive.sana.sy\/tr\/index.php?rest_route=%2Fwp%2Fv2%2Ftags&post=124447"}],"curies":[{"name":"wp","href":"https:\/\/api.w.org\/{rel}","templated":true}]}}