{"id":12445,"date":"2014-10-07T09:55:22","date_gmt":"2014-10-07T06:55:22","guid":{"rendered":"http:\/\/sanasyria.org\/tr\/?p=12445"},"modified":"2014-10-07T16:40:25","modified_gmt":"2014-10-07T13:40:25","slug":"ordu-birlikleri-ve-hava-silahi-teroristleri-agir-kayiplara-ugratti","status":"publish","type":"post","link":"https:\/\/archive.sana.sy\/tr\/?p=12445","title":{"rendered":"Ordu Birliklerimiz Ter\u00f6ristleri A\u011f\u0131r Kay\u0131plara U\u011fratmaya Devam Ediyor"},"content":{"rendered":"<p>\u0130LLER \u2013 Kahraman ordu birliklerimiz muhtelif b\u00f6lgelerde d\u00fczenledi\u011fi operasyonlar sonucunda \u00e7ok say\u0131da ter\u00f6rist \u00f6ld\u00fcr\u00fcld\u00fc ellerindeki silah, cephane, te\u00e7hizat ve ara\u00e7lar\u0131 imha edildi.<\/p>\n<p><span style=\"color: #0000ff\">\u015eam K\u0131rsal\u0131 Arsal Da\u011flar\u0131nda Ter\u00f6ristlerin Konvoy Halindeki Ara\u00e7lar\u0131 \u0130mha Edildi<\/span><\/p>\n<p>\u015eam K\u0131rsal\u0131 SANA saha muhabiri, ordu birliklerimizin\u00a0Arsal Da\u011flar\u0131nda i\u00e7indeki ter\u00f6ristlerle birlikte ter\u00f6ristlerin konvoy halindeki ara\u00e7lar\u0131n\u0131 imha ettiklerini s\u00f6yledi.<\/p>\n<p>Kaynak, ordu birliklerimizin \u015eam K\u0131rsal\u0131 Han el \u015eih \u00e7iftlikleri, Fusul el Erbaa (d\u00f6rt mevsim) ve el Be\u015fir caddesinde ter\u00f6ristlerin toplanma merkezlerini hedef almalar\u0131 sonucunda \u00e7ok say\u0131da ter\u00f6risti \u00f6ld\u00fcrd\u00fcklerini baz\u0131 ara\u00e7lar\u0131n\u0131 da imha etiklerini ifade etti.<\/p>\n<p>Askeri kaynak ordu birliklerimizin \u015eam\u2019\u0131n Cobar B\u00f6lgesinde ter\u00f6r \u00e7etelere y\u00f6nelik \u00f6nemli ve stratejik ilerlemelerine devam etti\u011fini belirtirken b\u00f6lgede onlarca bina blo\u011funun yan\u0131 s\u0131ra Zemelke Bulvar\u0131n\u0131 kontrol\u00fcne ge\u00e7irdi\u011fini belirtti. Kaynak operasyonlarad onarca ter\u00f6ristin \u00f6l\u00fc yaral\u0131 d\u00fc\u015f\u00fcr\u00fcld\u00fc\u011f\u00fcn\u00fc aktard\u0131.<\/p>\n<p><span style=\"color: #0000ff\">Halep ve K\u0131rsal\u0131nda \u00c7ok Say\u0131da Ter\u00f6rist \u00d6ld\u00fcr\u00fcld\u00fc<\/span><\/p>\n<p>Askeri kaynak, ordu birliklerimizin Halep ve k\u0131rsal\u0131n\u0131n Reytan, Kastillo, Kad\u0131 Asker, \u015eeyh Sait, Zibdiye, Eski Halep, Bustan el Ba\u015fa, S\u00fcfyan \u00e7evresi, Beni Zeyd, A\u011fyur, Mellah \u00c7iftlikleri ve Ba\u015fk\u00f6y\u2019de \u00e7ok say\u0131da ter\u00f6risti \u00f6ld\u00fcrd\u00fcklerini, i\u00e7indeki ter\u00f6ristlerle birlikte bir\u00e7ok ara\u00e7lar\u0131n\u0131 da etkisiz hale getirdiklerini s\u00f6yledi.<\/p>\n<p>Askeri kaynak ordu birliklerimizin Halep\u2019in Meyselun B\u00f6lgesinde bir dizi bina blo\u011funun yan\u0131 s\u0131ra b\u00f6lgedeki sa\u011fl\u0131k oca\u011f\u0131n\u0131 ter\u00f6ristlerden temizleyerek g\u00fcvenlik ve kontrol\u00fc eline ge\u00e7irdiklerini aktar\u0131rken, olduk\u00e7a y\u00fcksek say\u0131da ter\u00f6risti \u00f6l\u00fc yaral\u0131 d\u00fc\u015f\u00fcrd\u00fcklerini belirtti.<\/p>\n<p><span style=\"color: #0000ff\">Dera ve K\u0131rsal\u0131nda \u00c7ok Say\u0131da Ter\u00f6rist \u00d6ld\u00fcr\u00fcld\u00fc<\/span><\/p>\n<p>Askeri kaynak, ordu birliklerimizin Dera ve k\u0131rsal\u0131n\u0131n Dera Beled, Tel el Hara, Tel el Alakiye ve Tafas-Yaduda Yolu \u00fczerinde ter\u00f6ristlerin toplanma merkezlerini hedef almalar\u0131 sonucunda \u00e7ok say\u0131da ter\u00f6ristin \u00f6ld\u00fcr\u00fcld\u00fc\u011f\u00fcn\u00fc Semlin\u2019de de bir h\u00fccrelerinin hedef al\u0131nmas\u0131 sonucundaki i\u00e7indeki ter\u00f6ristlerin a\u011f\u0131r kay\u0131plara u\u011frat\u0131ld\u0131\u011f\u0131n\u0131 belitti.<\/p>\n<p>Dera k\u0131rsal\u0131n\u0131n Enhil, Kahil ve Nuayma b\u00f6lgelerinin yan\u0131 s\u0131ra L\u00fcca \u2013 Creyn Beldesinin bat\u0131s\u0131 ve Etman Beldesi kenarlar\u0131nda ter\u00f6ristlerin yuva ve k\u00fcmelenme yerlerinin ordu birliklerimiz taraf\u0131ndan hedef al\u0131nd\u0131\u011f\u0131n\u0131 aktaran kaynak; operasyonlarda \u00e7ok say\u0131da ter\u00f6ristin ara\u00e7 ve ekipmanlar\u0131yla birlikte etkisiz hale getirildi\u011fini ifade etti.<\/p>\n<p>Ordu birliklerimizin Dera\u2019da Yerm\u00fck Banliy\u00f6s\u00fcne ilaveten Dera Beled\u2019in Kerk, Seyba ve Arbain semtlerinde \u00e7ok say\u0131da ter\u00f6risti su\u00e7 edatlar\u0131 ve silahlar\u0131yla birlikte etkisiz hale getirirken, k\u0131rsalda Ceddiye ve Zemlin beldeleriyle birlikte Nimr \u2013 hara karayolunda k\u00fcmelenme yerlerini i\u00e7indeki ter\u00f6ristler, silah ve ara\u00e7larla birlikte imha etti.<\/p>\n<p><span style=\"color: #0000ff\">Deyrezzor\u2019da I\u015e\u0130D Mevkileri \u0130mha Edildi<\/span><\/p>\n<p>Askeri kaynak ordu birliklerimizin Deyrezzor Kentinin Urfi, \u015eeyh Yasin ve Huveyka semtlerinde I\u015e\u0130D\u2019e ait ter\u00f6r karargahlar\u0131 ve k\u00fcmelenme yerlerini muhtevalara\u0131yla imha ettiklerini belirtti.<\/p>\n<p>Ordu birliklerimizin Deyrezzor g\u00fcney k\u0131rsal\u0131n\u0131n Harrata B\u00f6lgesinde I\u015e\u0130D\u2019in bir k\u00fcmelenme yerini imha ettiklerini belirten kaynak; operasyonda y\u00fcksek say\u0131da ter\u00f6ristin yan\u0131 s\u0131ra bvir\u00e7ok arac\u0131n imha edildi\u011fini aktard\u0131.<\/p>\n<p><span style=\"color: #0000ff\">Homs K\u0131rsal\u0131nda Ter\u00f6r H\u00fccreleri \u00c7\u00f6kertildi<\/span><\/p>\n<p>Askeri kaynak, ordu birliklerimizin Homs k\u0131rsal\u0131 Um \u015eer\u015fuh, Cezel, El \u015eair Da\u011f\u0131 \u00e7evresi ve Cebab Hamad b\u00f6lgelerinde onlarca ter\u00f6risti \u00f6ld\u00fcrd\u00fcklerini kendilerine ait h\u00fccrelerle beraber a\u011f\u0131r taramal\u0131 silahlar\u0131n monte edildi\u011fi baz\u0131 ara\u00e7lar\u0131n\u0131 da imha ettiklerini s\u00f6yledi.<\/p>\n<p>Homs k\u0131rsal\u0131n\u0131n M\u015feyrfa, Vadi Kahf, \u011eacer ve Vadi el Semarmar b\u00f6lgelerinde ter\u00f6ristlerin k\u00fcmelenme yerlerini hedef alan ordu birliklerimiz \u00e7ok say\u0131da ter\u00f6risti ara\u00e7 ve cephaneleriyle birlikte etkisiz hale getirdi.<\/p>\n<p>Ordu birliklerimiz Homs k\u0131rsal\u0131n\u0131n el Heyl Platformu yak\u0131nlar\u0131nda da ter\u00f6ristlere ait bir\u00e7ok arac\u0131 ta\u015f\u0131d\u0131\u011f\u0131 ter\u00f6rist ve silahlarla birlikte imha etti.<\/p>\n<p><span style=\"color: #0000ff\">Hama K\u0131rsal\u0131nda 29 Ter\u00f6rist \u00d6ld\u00fcr\u00fcld\u00fc<\/span><\/p>\n<p>Hama Valili\u011finde bir kaynak SANA muhabirine a\u00e7\u0131klamas\u0131nda, ordu birliklerimizin\u00a0Hama k\u0131rsal\u0131 At\u015fan ve Sukeyk\u2019te 29 ter\u00f6risti \u00f6ld\u00fcrd\u00fcklerini i\u00e7indeki ter\u00f6ristlerle birlikte b\u00fcy\u00fck nakil ara\u00e7lar\u0131n\u0131 da imha ettiklerini s\u00f6yledi.<\/p>\n<p><a href=\"http:\/\/www.sanasyria.org\/tr\/wp-content\/uploads\/2014\/10\/Mharde.jpg\"><img loading=\"lazy\" decoding=\"async\" class=\"alignright wp-image-12530 size-medium\" src=\"http:\/\/www.sanasyria.org\/tr\/wp-content\/uploads\/2014\/10\/Mharde-300x200.jpg\" alt=\"Mharde\" width=\"300\" height=\"200\" srcset=\"https:\/\/archive.sana.sy\/tr\/wp-content\/uploads\/2014\/10\/Mharde-300x200.jpg 300w, https:\/\/archive.sana.sy\/tr\/wp-content\/uploads\/2014\/10\/Mharde-150x100.jpg 150w, https:\/\/archive.sana.sy\/tr\/wp-content\/uploads\/2014\/10\/Mharde-1024x682.jpg 1024w\" sizes=\"auto, (max-width: 300px) 100vw, 300px\" \/><\/a>Ordu birliklerimiz Hama k\u0131rsal\u0131 Mharde B\u00f6lgesinin Zellakiyat Beldesi do\u011fusunda Zour el Mahruka B\u00f6lgesinde ter\u00f6ristlerin bir\u00e7ok karargah\u0131n\u0131 ele ge\u00e7irdi.<\/p>\n<p>SANA\u2019ya a\u00e7\u0131klama yapan bir saha komutan\u0131; ele ge\u00e7irilen karargahlar\u0131n ter\u00f6ristler taraf\u0131ndan Mharde Kenti ve civar\u0131ndaki sivil b\u00f6lgeleri hedef ald\u0131klar\u0131 f\u00fcze ve havanlar\u0131n depoland\u0131klar\u0131 ma\u011faralardan ibaret oldu\u011funu aktar\u0131rken, karargahlarda sahra hastaneleri ve i\u00e7indeki t\u0131bbi te\u00e7hizatlar\u0131n da bulundu\u011funu aktard\u0131.<\/p>\n<p>Kaynak ter\u00f6ristlerin bu karargah ma\u011faralar\u0131 g\u00fc\u00e7l\u00fc bir korumaya ald\u0131klar\u0131n\u0131 ve siperler kurduklar\u0131n\u0131 ifade ederken, ma\u011faralar\u0131n bir k\u0131sm\u0131n\u0131n Hama k\u0131rsal\u0131ndaki ter\u00f6r eylemlerinin operasyon odalar\u0131 olarak kullan\u0131ld\u0131klar\u0131n\u0131 belirtti.<\/p>\n<p>Yine Hama k\u0131rsal\u0131n\u0131n Morik, Latamina ve Kefar Zeyta b\u00f6lgelerinde onlarca ter\u00f6risti \u00f6l\u00fc yaral\u0131 d\u00fc\u015f\u00fcren ordu birliklerimiz \u00e7ok say\u0131da ara\u00e7 ve havan toplar\u0131n\u0131 havaya u\u00e7urdu.<\/p>\n<p><span style=\"color: #0000ff\">\u0130dlib K\u0131rsal\u0131nda 25 Ter\u00f6rist \u00d6ld\u00fcr\u00fcld\u00fc<\/span><\/p>\n<p>\u0130dlib Valili\u011finde bir kaynak SANA muhabirine a\u00e7\u0131klamas\u0131nda, ordu birliklerimizin\u00a0kent k\u0131rsal\u0131n\u0131n \u015eennan ve Tel el Ades\u2019te 25 ter\u00f6risti \u00f6ld\u00fcrd\u00fc\u011f\u00fcn\u00fc bir ka\u00e7 ara\u00e7lar\u0131n\u0131 da imha etti\u011fini belirtti.<\/p>\n<p>Askeri kaynak ordu birliklerimizin \u0130dlib iline tabi Cebel el Zaviye B\u00f6lgesinin Kefar Haya Beldesi kenarlar\u0131nda ter\u00f6ristlere ait bir karargah ve bir cephane depolar\u0131n\u0131n yan\u0131 s\u0131ra a\u011f\u0131r makineli silah ta\u015f\u0131yan bir\u00e7ok ara\u00e7lar\u0131n\u0131 imha ettiklerini belirtti. Kaynak operasyonlarda aralar\u0131nda az\u0131l\u0131 eleba\u015flar\u0131n bulundu\u011fu olduk\u00e7a \u00e7ok say\u0131da ter\u00f6ristin \u00f6ld\u00fcr\u00fcld\u00fc\u011f\u00fcn\u00fc aktard\u0131.<\/p>\n<p>Ordu birliklerimizin \u0130dlib iline tabi Cisr el \u015euur B\u00f6lgesinin Yukar\u0131 Kesten K\u00f6y\u00fcnde ter\u00f6ristlerin bir karargah\u0131n\u0131 i\u00e7indekilerle birlikte imha ettiklerini belirten kaynak; ayr\u0131ca silah ve m\u00fchimmat ta\u015f\u0131yan bir pikaplar\u0131n\u0131n da havaya u\u00e7uruldu\u011funu ekledi.<\/p>\n<p>\u0130dlib k\u0131rsal\u0131n\u0131n Kefar Calis K\u00f6y\u00fc civarlar\u0131nda ter\u00f6ristlerin bir yuvas\u0131n\u0131 i\u00e7indekilerle imha eden ordu birliklerimiz; \u00a0Hbayt, Hazzarin, Curcenaz ve Kefar Ayn b\u00f6lgelerinde k\u00fcmelenme yerlerini hedef alarak onlarcas\u0131n\u0131 ter\u00f6r ekipmanlar\u0131yla birlikte etkisiz hale getirdi.<\/p>\n","protected":false},"excerpt":{"rendered":"<p>\u0130LLER \u2013 Kahraman ordu birliklerimiz muhtelif b\u00f6lgelerde d\u00fczenledi\u011fi operasyonlar sonucunda \u00e7ok say\u0131da ter\u00f6rist \u00f6ld\u00fcr\u00fcld\u00fc ellerindeki silah, cephane, te\u00e7hizat ve ara\u00e7lar\u0131 imha edildi. \u015eam K\u0131rsal\u0131 Arsal Da\u011flar\u0131nda Ter\u00f6ristlerin Konvoy Halindeki Ara\u00e7lar\u0131 \u0130mha Edildi \u015eam K\u0131rsal\u0131 SANA saha muhabiri, ordu birliklerimizin\u00a0Arsal Da\u011flar\u0131nda i\u00e7indeki ter\u00f6ristlerle birlikte ter\u00f6ristlerin konvoy halindeki ara\u00e7lar\u0131n\u0131 imha ettiklerini s\u00f6yledi. Kaynak, ordu birliklerimizin \u015eam K\u0131rsal\u0131 &hellip;<\/p>\n","protected":false},"author":1,"featured_media":12453,"comment_status":"closed","ping_status":"closed","sticky":false,"template":"","format":"standard","meta":{"footnotes":""},"categories":[575],"tags":[3232,3161,3230,3220,3239,3240,3229,3224,3234,3226,3279,3107,3280,3233,3219,3278,3235,3225,3238,3223,3227,3231,3222,3241,3221,3237,3236,3228],"class_list":["post-12445","post","type-post","status-publish","format-standard","has-post-thumbnail","","category-olaylar-ve-gercekler","tag-agyur","tag-beni-zeyd","tag-bustan-el-basa","tag-cephane","tag-cezel","tag-el-sair-dagi-cevresi-ve-cebab-hamad-bolgelerinde-onlarca-teroristi-oldurduklerini-kendilerine-ait-hucrelerle-beraber-agir-taramali-silahlarin-monte-edildigi-bazi-araclarini-da-imha-ettiklerini-soyledi","tag-eski-halep","tag-fusul-el-erbaa-dort-mevsim-ve-el-besir-caddesinde-teroristlerin-toplanma-merkezlerini-hedef-almalari-sonucunda-cok-sayida-teroristi-oldurduklerini-bazi-araclarini-da-imha-etiklerini-ifade-etti-hale","tag-icindeki-teroristlerle-birlikte-bircok-araclarini-da-etkisiz-hale-getirdiklerini-soyledi-dera-ve-kirsalinda-cok-sayida-terorist-olduruldu-askeri-kaynak","tag-kadi-asker","tag-karargahlarda-sahra-hastaneleri-ve-icindeki-tibbi-techizatlarin-da-bulundugunu-aktardi-kaynak-teroristlerin-bu-karargah-magaralari-guclu-bir-korumaya-aldiklarini-ve-siperler-kurduklarini-ifade-ederke","tag-kastillo","tag-magaralarin-bir-kisminin-hama-kirsalindaki-teror-eylemlerinin-operasyon-odalari-olarak-kullanildiklarini-belirtti","tag-mellah-ciftlikleri-ve-baskoyde-cok-sayida-teroristi-oldurduklerini","tag-ordu-birlikleri-ve-hava-silahi-teroristleri-agir-kayiplara-ugratti-iller-kahraman-ordu-birliklerimiz-ve-hava-silahimizin-muhtelif-bolgelerde-duzenledigi-operasyonlar-sonucunda-cok-sayida-ter","tag-ordu-birliklerimiz-hama-kirsali-mharde-bolgesinin-zellakiyat-beldesi-dogusunda-zour-el-mahruka-bolgesinde-teroristlerin-bircok-karargahini-ele-gecirdi-sanaya-aciklama-yapan-bir-saha-komutani","tag-ordu-birliklerimizin-dera-ve-kirsalinin-dera-beled","tag-ordu-birliklerimizin-halep-ve-kirsalinin-reytan","tag-ordu-birliklerimizin-homs-kirsali-um-sersuh","tag-ordu-birliklerimizin-sam-kirsali-han-el-sih-ciftlikleri","tag-seyh-sait","tag-sufyan-cevresi","tag-suriye-hava-silahinin-arsal-daglarinda-icindeki-teroristlerle-birlikte-teroristlerin-konvoy-halindeki-araclarini-imha-ettiklerini-soyledi-kaynak","tag-suriye-hava-silahinin-hama-kirsali-atsan-ve-sukeykte-29-teroristi-oldurduklerini-icindeki-teroristlerle-birlikte-buyuk-nakil-araclarini-da-imha-ettiklerini-soyledi-idlib-kirsalinda-25-terori","tag-techizat-ve-araclari-imha-edildi-sam-kirsali-arsal-daglarinda-teroristlerin-konvoy-halindeki-araclari-imha-edildi-sam-kirsali-sana-saha-muhabiri","tag-tel-el-alakiye-ve-tafas-yaduda-yolu-uzerinde-teroristlerin-toplanma-merkezlerini-hedef-almalari-sonucunda-cok-sayida-teroristin-olduruldugunu-semlinde-de-bir-hucrelerinin-hedef-alinmasi-sonuc","tag-tel-el-hara","tag-zibdiye"],"_links":{"self":[{"href":"https:\/\/archive.sana.sy\/tr\/index.php?rest_route=\/wp\/v2\/posts\/12445","targetHints":{"allow":["GET"]}}],"collection":[{"href":"https:\/\/archive.sana.sy\/tr\/index.php?rest_route=\/wp\/v2\/posts"}],"about":[{"href":"https:\/\/archive.sana.sy\/tr\/index.php?rest_route=\/wp\/v2\/types\/post"}],"author":[{"embeddable":true,"href":"https:\/\/archive.sana.sy\/tr\/index.php?rest_route=\/wp\/v2\/users\/1"}],"replies":[{"embeddable":true,"href":"https:\/\/archive.sana.sy\/tr\/index.php?rest_route=%2Fwp%2Fv2%2Fcomments&post=12445"}],"version-history":[{"count":0,"href":"https:\/\/archive.sana.sy\/tr\/index.php?rest_route=\/wp\/v2\/posts\/12445\/revisions"}],"wp:featuredmedia":[{"embeddable":true,"href":"https:\/\/archive.sana.sy\/tr\/index.php?rest_route=\/wp\/v2\/media\/12453"}],"wp:attachment":[{"href":"https:\/\/archive.sana.sy\/tr\/index.php?rest_route=%2Fwp%2Fv2%2Fmedia&parent=12445"}],"wp:term":[{"taxonomy":"category","embeddable":true,"href":"https:\/\/archive.sana.sy\/tr\/index.php?rest_route=%2Fwp%2Fv2%2Fcategories&post=12445"},{"taxonomy":"post_tag","embeddable":true,"href":"https:\/\/archive.sana.sy\/tr\/index.php?rest_route=%2Fwp%2Fv2%2Ftags&post=12445"}],"curies":[{"name":"wp","href":"https:\/\/api.w.org\/{rel}","templated":true}]}}