{"id":124456,"date":"2017-09-14T15:47:01","date_gmt":"2017-09-14T12:47:01","guid":{"rendered":"http:\/\/www.sana.sy\/tr\/?p=124456"},"modified":"2017-09-15T13:31:28","modified_gmt":"2017-09-15T10:31:28","slug":"teroristler-yeni-ihlalde-bulundular","status":"publish","type":"post","link":"https:\/\/archive.sana.sy\/tr\/?p=124456","title":{"rendered":"Ter\u00f6ristler Yeni \u0130hlalde Bulundular"},"content":{"rendered":"<p>HOMS \u2013 Belli ba\u015fl\u0131 d\u0131\u015f g\u00fc\u00e7lerin destek ve komutas\u0131nda hareket eden ter\u00f6r \u00f6rg\u00fctleri Homs \u0130linin kuzeyinde gerilimi azaltma b\u00f6lgeleri anla\u015fmas\u0131na yeni bir ihlalde bulunarak Ekrad Dasiniye Beldesine f\u00fczelerle sald\u0131rd\u0131lar.<\/p>\n<p>Homs Valili\u011finde bir yetkili; ilin kuzeyi Ganto Beldesinde bulunan ter\u00f6ristlerin bug\u00fcn \u00f6\u011fleden sonra civarlar\u0131nda bulunan Ekrad Dasiniye Beldesine bir dizi f\u00fczeyle sald\u0131rd\u0131klar\u0131n\u0131 belirtti. Yetkili f\u00fcze sald\u0131r\u0131lar\u0131nda \u015fans eseri be\u015feri isabetlerin olmad\u0131\u011f\u0131n\u0131, fakat vatanda\u015flar\u0131n m\u00fclklerinde ciddi hasarlar meydana geldi\u011fine dikkat \u00e7ekti.<\/p>\n","protected":false},"excerpt":{"rendered":"<p>HOMS \u2013 Belli ba\u015fl\u0131 d\u0131\u015f g\u00fc\u00e7lerin destek ve komutas\u0131nda hareket eden ter\u00f6r \u00f6rg\u00fctleri Homs \u0130linin kuzeyinde gerilimi azaltma b\u00f6lgeleri anla\u015fmas\u0131na yeni bir ihlalde bulunarak Ekrad Dasiniye Beldesine f\u00fczelerle sald\u0131rd\u0131lar. Homs Valili\u011finde bir yetkili; ilin kuzeyi Ganto Beldesinde bulunan ter\u00f6ristlerin bug\u00fcn \u00f6\u011fleden sonra civarlar\u0131nda bulunan Ekrad Dasiniye Beldesine bir dizi f\u00fczeyle sald\u0131rd\u0131klar\u0131n\u0131 belirtti. Yetkili f\u00fcze sald\u0131r\u0131lar\u0131nda &hellip;<\/p>\n","protected":false},"author":1,"featured_media":124458,"comment_status":"closed","ping_status":"closed","sticky":false,"template":"","format":"standard","meta":{"footnotes":""},"categories":[479,575,17988,478],"tags":[19882,29342,29341,18674,16591,19034,22181],"class_list":["post-124456","post","type-post","status-publish","format-standard","has-post-thumbnail","","category-haberler-yerel","category-olaylar-ve-gercekler","category-son-haberler","category-yerel","tag-anlasma-ihlali","tag-catismasiz-bolgeler","tag-gerilimi-azaltma-bolgeleri","tag-silahli-muhalifler","tag-suriye","tag-suriyeli-muhalifler","tag-suriyeliler"],"_links":{"self":[{"href":"https:\/\/archive.sana.sy\/tr\/index.php?rest_route=\/wp\/v2\/posts\/124456","targetHints":{"allow":["GET"]}}],"collection":[{"href":"https:\/\/archive.sana.sy\/tr\/index.php?rest_route=\/wp\/v2\/posts"}],"about":[{"href":"https:\/\/archive.sana.sy\/tr\/index.php?rest_route=\/wp\/v2\/types\/post"}],"author":[{"embeddable":true,"href":"https:\/\/archive.sana.sy\/tr\/index.php?rest_route=\/wp\/v2\/users\/1"}],"replies":[{"embeddable":true,"href":"https:\/\/archive.sana.sy\/tr\/index.php?rest_route=%2Fwp%2Fv2%2Fcomments&post=124456"}],"version-history":[{"count":0,"href":"https:\/\/archive.sana.sy\/tr\/index.php?rest_route=\/wp\/v2\/posts\/124456\/revisions"}],"wp:featuredmedia":[{"embeddable":true,"href":"https:\/\/archive.sana.sy\/tr\/index.php?rest_route=\/wp\/v2\/media\/124458"}],"wp:attachment":[{"href":"https:\/\/archive.sana.sy\/tr\/index.php?rest_route=%2Fwp%2Fv2%2Fmedia&parent=124456"}],"wp:term":[{"taxonomy":"category","embeddable":true,"href":"https:\/\/archive.sana.sy\/tr\/index.php?rest_route=%2Fwp%2Fv2%2Fcategories&post=124456"},{"taxonomy":"post_tag","embeddable":true,"href":"https:\/\/archive.sana.sy\/tr\/index.php?rest_route=%2Fwp%2Fv2%2Ftags&post=124456"}],"curies":[{"name":"wp","href":"https:\/\/api.w.org\/{rel}","templated":true}]}}