{"id":124461,"date":"2017-09-14T16:35:14","date_gmt":"2017-09-14T13:35:14","guid":{"rendered":"http:\/\/www.sana.sy\/tr\/?p=124461"},"modified":"2017-09-15T15:07:26","modified_gmt":"2017-09-15T12:07:26","slug":"genelkurmay-baskani-deyrezzorda-operasyonlarin-seyrini-inceledi","status":"publish","type":"post","link":"https:\/\/archive.sana.sy\/tr\/?p=124461","title":{"rendered":"Genelkurmay Ba\u015fkan\u0131 Deyrezzor&#8217;da Operasyonlar\u0131n Seyrini \u0130nceledi (video)"},"content":{"rendered":"<p>DEYREZZOR \u2013 Genelkurmay Ba\u015fkan\u0131 Korgeneral Ali Abdullah Ey\u00fcp bug\u00fcn Ordu ve Silahl\u0131 Kuvvetler Genel Komutan\u0131 Orgeneral Be\u015f\u015far el Esad\u2019\u0131n y\u00f6nlendirmeleri do\u011frultusunda Deyrezzor Kenti ve k\u0131rsal\u0131nda ordu birliklerimize saha gezisinde bulundu.<\/p>\n<p><a href=\"http:\/\/www.sana.sy\/tr\/wp-content\/uploads\/2017\/09\/Ey\u00fcp-1.jpg\"><img loading=\"lazy\" decoding=\"async\" class=\"alignright wp-image-124477 size-medium\" src=\"http:\/\/www.sana.sy\/tr\/wp-content\/uploads\/2017\/09\/Ey\u00fcp-1-300x217.jpg\" alt=\"\" width=\"300\" height=\"217\" srcset=\"https:\/\/archive.sana.sy\/tr\/wp-content\/uploads\/2017\/09\/Ey\u00fcp-1-300x217.jpg 300w, https:\/\/archive.sana.sy\/tr\/wp-content\/uploads\/2017\/09\/Ey\u00fcp-1-150x109.jpg 150w, https:\/\/archive.sana.sy\/tr\/wp-content\/uploads\/2017\/09\/Ey\u00fcp-1.jpg 660w\" sizes=\"auto, (max-width: 300px) 100vw, 300px\" \/><\/a>Deyrezzor Kentinin yan\u0131 s\u0131ra askeri havaalan\u0131 ve Serda Da\u011f\u0131nda I\u015e\u0130D\u2019e kar\u015f\u0131 sava\u015fan ordu birliklerimizi ziyaret edip radikal ter\u00f6re kar\u015f\u0131 operasyonlar\u0131n seyrini denetleyen Genelkurmay Ba\u015fkan\u0131 Ey\u00fcp; Suriye&#8217;nin lideri, halk\u0131 ve ordusuyla vatan koruyucular\u0131m\u0131z\u0131n ter\u00f6re kar\u015f\u0131 zaferleriyle duydu\u011fu gurura dikkat \u00e7ekti.<\/p>\n<p>Genelkurmay Ba\u015fkan\u0131 Korgeneral Ey\u00fcp askerlerle sohbetinde I\u015e\u0130D\u2019e kar\u015f\u0131 ba\u015far\u0131lar\u0131n\u0131 kutlayarak, vatan\u0131n her kar\u0131\u015f topra\u011f\u0131n\u0131 ter\u00f6rden temizleme, ulusal egemenlik ve b\u00fct\u00fcnl\u00fc\u011f\u00fc koruma azimlerinin takdire \u015fayan oldu\u011funu kaydetti.<\/p>\n<p>Saha komutanlar\u0131 ile toplant\u0131s\u0131nda ise Korgeneral Ey\u00fcp, I\u015e\u0130D\u2019e kar\u015f\u0131 geni\u015f kapsaml\u0131 operasyonlar\u0131n seyri konusunda gerekli y\u00f6nlendirmelerde de bulundu.<\/p>\n<p>https:\/\/www.youtube.com\/watch?v=OwENm_aFA7M<\/p>\n","protected":false},"excerpt":{"rendered":"<p>DEYREZZOR \u2013 Genelkurmay Ba\u015fkan\u0131 Korgeneral Ali Abdullah Ey\u00fcp bug\u00fcn Ordu ve Silahl\u0131 Kuvvetler Genel Komutan\u0131 Orgeneral Be\u015f\u015far el Esad\u2019\u0131n y\u00f6nlendirmeleri do\u011frultusunda Deyrezzor Kenti ve k\u0131rsal\u0131nda ordu birliklerimize saha gezisinde bulundu. Deyrezzor Kentinin yan\u0131 s\u0131ra askeri havaalan\u0131 ve Serda Da\u011f\u0131nda I\u015e\u0130D\u2019e kar\u015f\u0131 sava\u015fan ordu birliklerimizi ziyaret edip radikal ter\u00f6re kar\u015f\u0131 operasyonlar\u0131n seyrini denetleyen Genelkurmay Ba\u015fkan\u0131 Ey\u00fcp; &hellip;<\/p>\n","protected":false},"author":1,"featured_media":124479,"comment_status":"closed","ping_status":"closed","sticky":false,"template":"","format":"standard","meta":{"footnotes":""},"categories":[479,17988,478],"tags":[23847,2494,18813,32367,16591,32366,11549,22181],"class_list":["post-124461","post","type-post","status-publish","format-standard","has-post-thumbnail","","category-haberler-yerel","category-son-haberler","category-yerel","tag-ali-abdullah-eyup","tag-deyrezzor","tag-genelkurmay-baskani","tag-isid2e-karsi-savas","tag-suriye","tag-suriye-genelkurmay-baskani","tag-suriye-ordusu","tag-suriyeliler"],"_links":{"self":[{"href":"https:\/\/archive.sana.sy\/tr\/index.php?rest_route=\/wp\/v2\/posts\/124461","targetHints":{"allow":["GET"]}}],"collection":[{"href":"https:\/\/archive.sana.sy\/tr\/index.php?rest_route=\/wp\/v2\/posts"}],"about":[{"href":"https:\/\/archive.sana.sy\/tr\/index.php?rest_route=\/wp\/v2\/types\/post"}],"author":[{"embeddable":true,"href":"https:\/\/archive.sana.sy\/tr\/index.php?rest_route=\/wp\/v2\/users\/1"}],"replies":[{"embeddable":true,"href":"https:\/\/archive.sana.sy\/tr\/index.php?rest_route=%2Fwp%2Fv2%2Fcomments&post=124461"}],"version-history":[{"count":0,"href":"https:\/\/archive.sana.sy\/tr\/index.php?rest_route=\/wp\/v2\/posts\/124461\/revisions"}],"wp:featuredmedia":[{"embeddable":true,"href":"https:\/\/archive.sana.sy\/tr\/index.php?rest_route=\/wp\/v2\/media\/124479"}],"wp:attachment":[{"href":"https:\/\/archive.sana.sy\/tr\/index.php?rest_route=%2Fwp%2Fv2%2Fmedia&parent=124461"}],"wp:term":[{"taxonomy":"category","embeddable":true,"href":"https:\/\/archive.sana.sy\/tr\/index.php?rest_route=%2Fwp%2Fv2%2Fcategories&post=124461"},{"taxonomy":"post_tag","embeddable":true,"href":"https:\/\/archive.sana.sy\/tr\/index.php?rest_route=%2Fwp%2Fv2%2Ftags&post=124461"}],"curies":[{"name":"wp","href":"https:\/\/api.w.org\/{rel}","templated":true}]}}