{"id":124481,"date":"2017-09-15T12:00:48","date_gmt":"2017-09-15T09:00:48","guid":{"rendered":"http:\/\/www.sana.sy\/tr\/?p=124481"},"modified":"2017-09-16T14:12:09","modified_gmt":"2017-09-16T11:12:09","slug":"tillerson-lavrovu-aradi","status":"publish","type":"post","link":"https:\/\/archive.sana.sy\/tr\/?p=124481","title":{"rendered":"Tillerson Lavrov\u2019u Arad\u0131"},"content":{"rendered":"<p>MOSKOVA \u2013 Rusya D\u0131\u015fi\u015fleri Bakan\u0131 Sergey Lavrov bug\u00fcn ABD\u2019li mevkida\u015f\u0131 Rex Tellerson ile bulundu\u011fu telefon g\u00f6r\u00fc\u015fmesinde Suriye&#8217;deki krizin \u00e7\u00f6z\u00fcm\u00fc konusunda ikili i\u015fbirli\u011fini ele ald\u0131.<\/p>\n<p>Rusya D\u0131\u015fi\u015fleri Bakanl\u0131\u011f\u0131 yay\u0131nlad\u0131\u011f\u0131 b\u00fcltende; Tillerson\u2019un giri\u015fimi \u00fczerine ger\u00e7ekle\u015fen telefon g\u00f6r\u00fc\u015fmesinde iki d\u0131\u015fi\u015fleri bakan\u0131n\u0131n ayn\u0131 zamanda Suriye&#8217;de gerilimi azaltma b\u00f6lgelerini peki\u015ftirme meselesini ele ald\u0131klar\u0131n\u0131 kaydetti.<\/p>\n","protected":false},"excerpt":{"rendered":"<p>MOSKOVA \u2013 Rusya D\u0131\u015fi\u015fleri Bakan\u0131 Sergey Lavrov bug\u00fcn ABD\u2019li mevkida\u015f\u0131 Rex Tellerson ile bulundu\u011fu telefon g\u00f6r\u00fc\u015fmesinde Suriye&#8217;deki krizin \u00e7\u00f6z\u00fcm\u00fc konusunda ikili i\u015fbirli\u011fini ele ald\u0131. Rusya D\u0131\u015fi\u015fleri Bakanl\u0131\u011f\u0131 yay\u0131nlad\u0131\u011f\u0131 b\u00fcltende; Tillerson\u2019un giri\u015fimi \u00fczerine ger\u00e7ekle\u015fen telefon g\u00f6r\u00fc\u015fmesinde iki d\u0131\u015fi\u015fleri bakan\u0131n\u0131n ayn\u0131 zamanda Suriye&#8217;de gerilimi azaltma b\u00f6lgelerini peki\u015ftirme meselesini ele ald\u0131klar\u0131n\u0131 kaydetti.<\/p>\n","protected":false},"author":1,"featured_media":124484,"comment_status":"closed","ping_status":"closed","sticky":false,"template":"","format":"standard","meta":{"footnotes":""},"categories":[458,459,17988],"tags":[32371,10651,16591,32372,31010],"class_list":["post-124481","post","type-post","status-publish","format-standard","has-post-thumbnail","","category-dunya1","category-haberler-arap-uluslararasi-politika","category-son-haberler","tag-abdli-mevkidasi-rex-tellerson","tag-rusya-disisleri-bakani-sergey-lavrov","tag-suriye","tag-suriyede-gerilimi-azaltma-bolgelerini-pekistirme-meselesi","tag-telefon-gorusmesinde"],"_links":{"self":[{"href":"https:\/\/archive.sana.sy\/tr\/index.php?rest_route=\/wp\/v2\/posts\/124481","targetHints":{"allow":["GET"]}}],"collection":[{"href":"https:\/\/archive.sana.sy\/tr\/index.php?rest_route=\/wp\/v2\/posts"}],"about":[{"href":"https:\/\/archive.sana.sy\/tr\/index.php?rest_route=\/wp\/v2\/types\/post"}],"author":[{"embeddable":true,"href":"https:\/\/archive.sana.sy\/tr\/index.php?rest_route=\/wp\/v2\/users\/1"}],"replies":[{"embeddable":true,"href":"https:\/\/archive.sana.sy\/tr\/index.php?rest_route=%2Fwp%2Fv2%2Fcomments&post=124481"}],"version-history":[{"count":0,"href":"https:\/\/archive.sana.sy\/tr\/index.php?rest_route=\/wp\/v2\/posts\/124481\/revisions"}],"wp:featuredmedia":[{"embeddable":true,"href":"https:\/\/archive.sana.sy\/tr\/index.php?rest_route=\/wp\/v2\/media\/124484"}],"wp:attachment":[{"href":"https:\/\/archive.sana.sy\/tr\/index.php?rest_route=%2Fwp%2Fv2%2Fmedia&parent=124481"}],"wp:term":[{"taxonomy":"category","embeddable":true,"href":"https:\/\/archive.sana.sy\/tr\/index.php?rest_route=%2Fwp%2Fv2%2Fcategories&post=124481"},{"taxonomy":"post_tag","embeddable":true,"href":"https:\/\/archive.sana.sy\/tr\/index.php?rest_route=%2Fwp%2Fv2%2Ftags&post=124481"}],"curies":[{"name":"wp","href":"https:\/\/api.w.org\/{rel}","templated":true}]}}