{"id":124499,"date":"2017-09-15T12:30:05","date_gmt":"2017-09-15T09:30:05","guid":{"rendered":"http:\/\/www.sana.sy\/tr\/?p=124499"},"modified":"2017-09-16T14:12:07","modified_gmt":"2017-09-16T11:12:07","slug":"suriye-10-madalya-kazandi","status":"publish","type":"post","link":"https:\/\/archive.sana.sy\/tr\/?p=124499","title":{"rendered":"Suriye 10 Madalya Kazand\u0131"},"content":{"rendered":"<p>TAHRAN \u2013 \u0130ran\u2019\u0131n \u015eiraz Kentinde d\u00fczenlenen Uluslararas\u0131 A\u00e7\u0131k Karate \u015eampiyonas\u0131na kat\u0131lan Suriye tak\u0131m\u0131 \u015fu ana dek 8 alt\u0131n ve 2 g\u00fcm\u00fc\u015f olmak \u00fczere toplam 10 madalya kazand\u0131.<\/p>\n<p>Karateciler Federasyonu Ba\u015fkan\u0131 Cihat Meyya yapt\u0131\u011f\u0131 a\u00e7\u0131klamada; 18 Eyl\u00fcl tarihine dek s\u00fcrecek \u015fampiyonada yeni ba\u015far\u0131lar\u0131n kaydedilmesi beklendi\u011fini s\u00f6yledi.<\/p>\n","protected":false},"excerpt":{"rendered":"<p>TAHRAN \u2013 \u0130ran\u2019\u0131n \u015eiraz Kentinde d\u00fczenlenen Uluslararas\u0131 A\u00e7\u0131k Karate \u015eampiyonas\u0131na kat\u0131lan Suriye tak\u0131m\u0131 \u015fu ana dek 8 alt\u0131n ve 2 g\u00fcm\u00fc\u015f olmak \u00fczere toplam 10 madalya kazand\u0131. Karateciler Federasyonu Ba\u015fkan\u0131 Cihat Meyya yapt\u0131\u011f\u0131 a\u00e7\u0131klamada; 18 Eyl\u00fcl tarihine dek s\u00fcrecek \u015fampiyonada yeni ba\u015far\u0131lar\u0131n kaydedilmesi beklendi\u011fini s\u00f6yledi.<\/p>\n","protected":false},"author":1,"featured_media":124501,"comment_status":"closed","ping_status":"closed","sticky":false,"template":"","format":"standard","meta":{"footnotes":""},"categories":[458,498,459,17988,496,497],"tags":[32379,15033,26133,32378,32377],"class_list":["post-124499","post","type-post","status-publish","format-standard","has-post-thumbnail","","category-dunya1","category-dunya-turnuvalari","category-haberler-arap-uluslararasi-politika","category-son-haberler","category-spor","category-yerel-turnuvalar","tag-ana-dek-8-altin-ve-2-gumus","tag-iranin","tag-karate","tag-suriye-takim","tag-uluslararasi-acik-karate-sampiyonasi"],"_links":{"self":[{"href":"https:\/\/archive.sana.sy\/tr\/index.php?rest_route=\/wp\/v2\/posts\/124499","targetHints":{"allow":["GET"]}}],"collection":[{"href":"https:\/\/archive.sana.sy\/tr\/index.php?rest_route=\/wp\/v2\/posts"}],"about":[{"href":"https:\/\/archive.sana.sy\/tr\/index.php?rest_route=\/wp\/v2\/types\/post"}],"author":[{"embeddable":true,"href":"https:\/\/archive.sana.sy\/tr\/index.php?rest_route=\/wp\/v2\/users\/1"}],"replies":[{"embeddable":true,"href":"https:\/\/archive.sana.sy\/tr\/index.php?rest_route=%2Fwp%2Fv2%2Fcomments&post=124499"}],"version-history":[{"count":0,"href":"https:\/\/archive.sana.sy\/tr\/index.php?rest_route=\/wp\/v2\/posts\/124499\/revisions"}],"wp:featuredmedia":[{"embeddable":true,"href":"https:\/\/archive.sana.sy\/tr\/index.php?rest_route=\/wp\/v2\/media\/124501"}],"wp:attachment":[{"href":"https:\/\/archive.sana.sy\/tr\/index.php?rest_route=%2Fwp%2Fv2%2Fmedia&parent=124499"}],"wp:term":[{"taxonomy":"category","embeddable":true,"href":"https:\/\/archive.sana.sy\/tr\/index.php?rest_route=%2Fwp%2Fv2%2Fcategories&post=124499"},{"taxonomy":"post_tag","embeddable":true,"href":"https:\/\/archive.sana.sy\/tr\/index.php?rest_route=%2Fwp%2Fv2%2Ftags&post=124499"}],"curies":[{"name":"wp","href":"https:\/\/api.w.org\/{rel}","templated":true}]}}