{"id":124572,"date":"2017-09-16T13:42:23","date_gmt":"2017-09-16T10:42:23","guid":{"rendered":"http:\/\/www.sana.sy\/tr\/?p=124572"},"modified":"2017-09-17T16:26:34","modified_gmt":"2017-09-17T13:26:34","slug":"asya-elemeleri-icin-tacikistana-gitti","status":"publish","type":"post","link":"https:\/\/archive.sana.sy\/tr\/?p=124572","title":{"rendered":"Asya Elemeleri \u0130\u00e7in Tacikistan\u2019a Gitti"},"content":{"rendered":"<p>A\u015eKABAT \u2013 Gen\u00e7ler futbol tak\u0131m\u0131m\u0131z Asya elemelerine kat\u0131lmak \u00fczere Tacikistan\u2019\u0131 ziyaret ediyor.<\/p>\n<p>Asya elemeleri ikinci grupta oynayan gen\u00e7ler futbol tak\u0131m\u0131m\u0131z \u00c7ar\u015famba g\u00fcn\u00fc ev sahibi Tacikistan ile ma\u00e7\u0131ndan sonra Cuma g\u00fcn\u00fc Umman tak\u0131m\u0131, 24 Eyl\u00fclde de Moldova tak\u0131m\u0131 ile bir araya gelecek.<\/p>\n","protected":false},"excerpt":{"rendered":"<p>A\u015eKABAT \u2013 Gen\u00e7ler futbol tak\u0131m\u0131m\u0131z Asya elemelerine kat\u0131lmak \u00fczere Tacikistan\u2019\u0131 ziyaret ediyor. Asya elemeleri ikinci grupta oynayan gen\u00e7ler futbol tak\u0131m\u0131m\u0131z \u00c7ar\u015famba g\u00fcn\u00fc ev sahibi Tacikistan ile ma\u00e7\u0131ndan sonra Cuma g\u00fcn\u00fc Umman tak\u0131m\u0131, 24 Eyl\u00fclde de Moldova tak\u0131m\u0131 ile bir araya gelecek.<\/p>\n","protected":false},"author":1,"featured_media":124573,"comment_status":"closed","ping_status":"closed","sticky":false,"template":"","format":"standard","meta":{"footnotes":""},"categories":[458,498,459,17988,496],"tags":[29760,28585,26998,32388,16591,27728,25392,22181],"class_list":["post-124572","post","type-post","status-publish","format-standard","has-post-thumbnail","","category-dunya1","category-dunya-turnuvalari","category-haberler-arap-uluslararasi-politika","category-son-haberler","category-spor","tag-asya-elemeleri","tag-dunya-kupasi","tag-futbol","tag-futmal-maci","tag-suriye","tag-suriye-takimi","tag-suriyede-futbol","tag-suriyeliler"],"_links":{"self":[{"href":"https:\/\/archive.sana.sy\/tr\/index.php?rest_route=\/wp\/v2\/posts\/124572","targetHints":{"allow":["GET"]}}],"collection":[{"href":"https:\/\/archive.sana.sy\/tr\/index.php?rest_route=\/wp\/v2\/posts"}],"about":[{"href":"https:\/\/archive.sana.sy\/tr\/index.php?rest_route=\/wp\/v2\/types\/post"}],"author":[{"embeddable":true,"href":"https:\/\/archive.sana.sy\/tr\/index.php?rest_route=\/wp\/v2\/users\/1"}],"replies":[{"embeddable":true,"href":"https:\/\/archive.sana.sy\/tr\/index.php?rest_route=%2Fwp%2Fv2%2Fcomments&post=124572"}],"version-history":[{"count":0,"href":"https:\/\/archive.sana.sy\/tr\/index.php?rest_route=\/wp\/v2\/posts\/124572\/revisions"}],"wp:featuredmedia":[{"embeddable":true,"href":"https:\/\/archive.sana.sy\/tr\/index.php?rest_route=\/wp\/v2\/media\/124573"}],"wp:attachment":[{"href":"https:\/\/archive.sana.sy\/tr\/index.php?rest_route=%2Fwp%2Fv2%2Fmedia&parent=124572"}],"wp:term":[{"taxonomy":"category","embeddable":true,"href":"https:\/\/archive.sana.sy\/tr\/index.php?rest_route=%2Fwp%2Fv2%2Fcategories&post=124572"},{"taxonomy":"post_tag","embeddable":true,"href":"https:\/\/archive.sana.sy\/tr\/index.php?rest_route=%2Fwp%2Fv2%2Ftags&post=124572"}],"curies":[{"name":"wp","href":"https:\/\/api.w.org\/{rel}","templated":true}]}}