{"id":124618,"date":"2017-09-16T13:02:58","date_gmt":"2017-09-16T10:02:58","guid":{"rendered":"http:\/\/www.sana.sy\/tr\/?p=124618"},"modified":"2017-09-17T16:26:40","modified_gmt":"2017-09-17T13:26:40","slug":"36-milyon-cocugun-asilanmasi-bekleniyor","status":"publish","type":"post","link":"https:\/\/archive.sana.sy\/tr\/?p=124618","title":{"rendered":"3,6 Milyon \u00c7ocu\u011fun A\u015f\u0131lanmas\u0131 Bekleniyor"},"content":{"rendered":"<p>\u015eAM \u2013 Sa\u011fl\u0131k Bakanl\u0131\u011f\u0131; 7 ay ila 12 y\u0131l ya\u015flar\u0131 aras\u0131 t\u00fcm \u00e7ocuklar i\u00e7in k\u0131zam\u0131\u011fa kar\u015f\u0131 ulusal a\u015f\u0131 kampanyas\u0131 ba\u015flat\u0131yor.<\/p>\n<p>28 Eyl\u00fcl tarihine dek s\u00fcrecek a\u015f\u0131 kampanyas\u0131nda Suriye genelinde sa\u011fl\u0131k ocaklar\u0131, okul ve kre\u015flerin yan\u0131 s\u0131ra seyyar sa\u011fl\u0131k ekipleri faaliyet g\u00f6sterecek. A\u015f\u0131 kampanyas\u0131ndan 3-6 milyon \u00e7ocu\u011fun faydalanmas\u0131 bekleniyor.<\/p>\n","protected":false},"excerpt":{"rendered":"<p>\u015eAM \u2013 Sa\u011fl\u0131k Bakanl\u0131\u011f\u0131; 7 ay ila 12 y\u0131l ya\u015flar\u0131 aras\u0131 t\u00fcm \u00e7ocuklar i\u00e7in k\u0131zam\u0131\u011fa kar\u015f\u0131 ulusal a\u015f\u0131 kampanyas\u0131 ba\u015flat\u0131yor. 28 Eyl\u00fcl tarihine dek s\u00fcrecek a\u015f\u0131 kampanyas\u0131nda Suriye genelinde sa\u011fl\u0131k ocaklar\u0131, okul ve kre\u015flerin yan\u0131 s\u0131ra seyyar sa\u011fl\u0131k ekipleri faaliyet g\u00f6sterecek. A\u015f\u0131 kampanyas\u0131ndan 3-6 milyon \u00e7ocu\u011fun faydalanmas\u0131 bekleniyor.<\/p>\n","protected":false},"author":1,"featured_media":124621,"comment_status":"closed","ping_status":"closed","sticky":false,"template":"","format":"standard","meta":{"footnotes":""},"categories":[479,17988,478],"tags":[32399,32398,32397,24804,22004,13777,16591],"class_list":["post-124618","post","type-post","status-publish","format-standard","has-post-thumbnail","","category-haberler-yerel","category-son-haberler","category-yerel","tag-28-eylul","tag-3-6-milyon","tag-7-ay-ila-12-yil-yaslari-arasi","tag-asi-kampanyasi","tag-cocuklar","tag-saglik-bakanligi","tag-suriye"],"_links":{"self":[{"href":"https:\/\/archive.sana.sy\/tr\/index.php?rest_route=\/wp\/v2\/posts\/124618","targetHints":{"allow":["GET"]}}],"collection":[{"href":"https:\/\/archive.sana.sy\/tr\/index.php?rest_route=\/wp\/v2\/posts"}],"about":[{"href":"https:\/\/archive.sana.sy\/tr\/index.php?rest_route=\/wp\/v2\/types\/post"}],"author":[{"embeddable":true,"href":"https:\/\/archive.sana.sy\/tr\/index.php?rest_route=\/wp\/v2\/users\/1"}],"replies":[{"embeddable":true,"href":"https:\/\/archive.sana.sy\/tr\/index.php?rest_route=%2Fwp%2Fv2%2Fcomments&post=124618"}],"version-history":[{"count":0,"href":"https:\/\/archive.sana.sy\/tr\/index.php?rest_route=\/wp\/v2\/posts\/124618\/revisions"}],"wp:featuredmedia":[{"embeddable":true,"href":"https:\/\/archive.sana.sy\/tr\/index.php?rest_route=\/wp\/v2\/media\/124621"}],"wp:attachment":[{"href":"https:\/\/archive.sana.sy\/tr\/index.php?rest_route=%2Fwp%2Fv2%2Fmedia&parent=124618"}],"wp:term":[{"taxonomy":"category","embeddable":true,"href":"https:\/\/archive.sana.sy\/tr\/index.php?rest_route=%2Fwp%2Fv2%2Fcategories&post=124618"},{"taxonomy":"post_tag","embeddable":true,"href":"https:\/\/archive.sana.sy\/tr\/index.php?rest_route=%2Fwp%2Fv2%2Ftags&post=124618"}],"curies":[{"name":"wp","href":"https:\/\/api.w.org\/{rel}","templated":true}]}}