{"id":124914,"date":"2017-09-20T14:10:22","date_gmt":"2017-09-20T11:10:22","guid":{"rendered":"http:\/\/www.sana.sy\/tr\/?p=124914"},"modified":"2017-09-21T14:48:40","modified_gmt":"2017-09-21T11:48:40","slug":"meclis-egitim-bakanliginin-calismalarini-mercek-altina-aldi","status":"publish","type":"post","link":"https:\/\/archive.sana.sy\/tr\/?p=124914","title":{"rendered":"Meclis E\u011fitim Bakanl\u0131\u011f\u0131n\u0131n \u00c7al\u0131\u015fmalar\u0131n\u0131 Mercek Alt\u0131na Ald\u0131"},"content":{"rendered":"<p>\u015eAM \u2013 Halk Meclisi bug\u00fcn meclis ba\u015fkan yard\u0131mc\u0131s\u0131 Necdet Anzur ba\u015fkanl\u0131\u011f\u0131nda d\u00fczenledi\u011fi oturumda E\u011fitim Bakanl\u0131\u011f\u0131n\u0131n performans ve \u00e7al\u0131\u015fmalar\u0131n\u0131 g\u00fcndemine getirip tart\u0131\u015f\u0131yor.<\/p>\n<p>Yeni e\u011fitim \u00f6\u011fretim y\u0131l\u0131n\u0131n ba\u015flamas\u0131yla meclis, genel olarak yurt genelinde e\u011fitim s\u00fcrecinin gereksinimleri eksikliklerini tart\u0131\u015f\u0131p mevcut sorun ve eksikliklerin kald\u0131r\u0131lmas\u0131na \u00e7aba harc\u0131yor.<\/p>\n<p>Meclis d\u00fcn d\u00fczenledi\u011fi oturumda ziraat m\u00fchendisli\u011fi mesle\u011fine ili\u015fkin kanun d\u00fczenlemelerini tart\u0131\u015fm\u0131\u015ft\u0131.<\/p>\n","protected":false},"excerpt":{"rendered":"<p>\u015eAM \u2013 Halk Meclisi bug\u00fcn meclis ba\u015fkan yard\u0131mc\u0131s\u0131 Necdet Anzur ba\u015fkanl\u0131\u011f\u0131nda d\u00fczenledi\u011fi oturumda E\u011fitim Bakanl\u0131\u011f\u0131n\u0131n performans ve \u00e7al\u0131\u015fmalar\u0131n\u0131 g\u00fcndemine getirip tart\u0131\u015f\u0131yor. Yeni e\u011fitim \u00f6\u011fretim y\u0131l\u0131n\u0131n ba\u015flamas\u0131yla meclis, genel olarak yurt genelinde e\u011fitim s\u00fcrecinin gereksinimleri eksikliklerini tart\u0131\u015f\u0131p mevcut sorun ve eksikliklerin kald\u0131r\u0131lmas\u0131na \u00e7aba harc\u0131yor. Meclis d\u00fcn d\u00fczenledi\u011fi oturumda ziraat m\u00fchendisli\u011fi mesle\u011fine ili\u015fkin kanun d\u00fczenlemelerini tart\u0131\u015fm\u0131\u015ft\u0131.<\/p>\n","protected":false},"author":1,"featured_media":124919,"comment_status":"closed","ping_status":"closed","sticky":false,"template":"","format":"standard","meta":{"footnotes":""},"categories":[479,17988,478],"tags":[18407,16838,18910,16591,24013,24197,32436,22181],"class_list":["post-124914","post","type-post","status-publish","format-standard","has-post-thumbnail","","category-haberler-yerel","category-son-haberler","category-yerel","tag-egitim-bakanligi","tag-halk-meclisi","tag-necdet-anzur","tag-suriye","tag-suriye-parlamentosu","tag-suriyede-egitim","tag-suriyeli-milletvekilleri","tag-suriyeliler"],"_links":{"self":[{"href":"https:\/\/archive.sana.sy\/tr\/index.php?rest_route=\/wp\/v2\/posts\/124914","targetHints":{"allow":["GET"]}}],"collection":[{"href":"https:\/\/archive.sana.sy\/tr\/index.php?rest_route=\/wp\/v2\/posts"}],"about":[{"href":"https:\/\/archive.sana.sy\/tr\/index.php?rest_route=\/wp\/v2\/types\/post"}],"author":[{"embeddable":true,"href":"https:\/\/archive.sana.sy\/tr\/index.php?rest_route=\/wp\/v2\/users\/1"}],"replies":[{"embeddable":true,"href":"https:\/\/archive.sana.sy\/tr\/index.php?rest_route=%2Fwp%2Fv2%2Fcomments&post=124914"}],"version-history":[{"count":0,"href":"https:\/\/archive.sana.sy\/tr\/index.php?rest_route=\/wp\/v2\/posts\/124914\/revisions"}],"wp:featuredmedia":[{"embeddable":true,"href":"https:\/\/archive.sana.sy\/tr\/index.php?rest_route=\/wp\/v2\/media\/124919"}],"wp:attachment":[{"href":"https:\/\/archive.sana.sy\/tr\/index.php?rest_route=%2Fwp%2Fv2%2Fmedia&parent=124914"}],"wp:term":[{"taxonomy":"category","embeddable":true,"href":"https:\/\/archive.sana.sy\/tr\/index.php?rest_route=%2Fwp%2Fv2%2Fcategories&post=124914"},{"taxonomy":"post_tag","embeddable":true,"href":"https:\/\/archive.sana.sy\/tr\/index.php?rest_route=%2Fwp%2Fv2%2Ftags&post=124914"}],"curies":[{"name":"wp","href":"https:\/\/api.w.org\/{rel}","templated":true}]}}