{"id":125159,"date":"2017-09-23T18:02:44","date_gmt":"2017-09-23T15:02:44","guid":{"rendered":"http:\/\/www.sana.sy\/tr\/?p=125159"},"modified":"2017-09-23T17:59:32","modified_gmt":"2017-09-23T14:59:32","slug":"muallim-ayni-zamanda-terorle-mucadele-bahanesi-altinda-baska-ulkelerin-egemenligini-ve-icislerini-ihlal-etme-dar-cikarlar-ya-da-siyasi-hedefler-ugruna-kosma-veya-bu-baglamlarda-teroru-edat-olarak-kul","status":"publish","type":"post","link":"https:\/\/archive.sana.sy\/tr\/?p=125159","title":{"rendered":"Muallim ayn\u0131 zamanda ter\u00f6rle m\u00fccadele bahanesi alt\u0131nda ba\u015fka \u00fclkelerin egemenli\u011fini ve i\u00e7i\u015flerini ihlal etme, dar \u00e7\u0131karlar ya da siyasi hedefler u\u011fruna ko\u015fma veya bu ba\u011flamlarda ter\u00f6r\u00fc edat olarak kullanmaya son verilmesi gere\u011finin alt\u0131n\u0131 \u00e7izdi."},"content":{"rendered":"<p>Muallim ayn\u0131 zamanda ter\u00f6rle m\u00fccadele bahanesi alt\u0131nda ba\u015fka \u00fclkelerin egemenli\u011fini ve i\u00e7i\u015flerini ihlal etme, dar \u00e7\u0131karlar ya da siyasi hedefler u\u011fruna ko\u015fma veya bu ba\u011flamlarda ter\u00f6r\u00fc edat olarak kullanmaya son verilmesi gere\u011finin alt\u0131n\u0131 \u00e7izdi.<\/p>\n<p>&nbsp;<\/p>\n","protected":false},"excerpt":{"rendered":"<p>Muallim ayn\u0131 zamanda ter\u00f6rle m\u00fccadele bahanesi alt\u0131nda ba\u015fka \u00fclkelerin egemenli\u011fini ve i\u00e7i\u015flerini ihlal etme, dar \u00e7\u0131karlar ya da siyasi hedefler u\u011fruna ko\u015fma veya bu ba\u011flamlarda ter\u00f6r\u00fc edat olarak kullanmaya son verilmesi gere\u011finin alt\u0131n\u0131 \u00e7izdi. &nbsp;<\/p>\n","protected":false},"author":1,"featured_media":0,"comment_status":"closed","ping_status":"closed","sticky":false,"template":"","format":"standard","meta":{"footnotes":""},"categories":[17991],"tags":[],"class_list":["post-125159","post","type-post","status-publish","format-standard","","category-son-dakika"],"_links":{"self":[{"href":"https:\/\/archive.sana.sy\/tr\/index.php?rest_route=\/wp\/v2\/posts\/125159","targetHints":{"allow":["GET"]}}],"collection":[{"href":"https:\/\/archive.sana.sy\/tr\/index.php?rest_route=\/wp\/v2\/posts"}],"about":[{"href":"https:\/\/archive.sana.sy\/tr\/index.php?rest_route=\/wp\/v2\/types\/post"}],"author":[{"embeddable":true,"href":"https:\/\/archive.sana.sy\/tr\/index.php?rest_route=\/wp\/v2\/users\/1"}],"replies":[{"embeddable":true,"href":"https:\/\/archive.sana.sy\/tr\/index.php?rest_route=%2Fwp%2Fv2%2Fcomments&post=125159"}],"version-history":[{"count":0,"href":"https:\/\/archive.sana.sy\/tr\/index.php?rest_route=\/wp\/v2\/posts\/125159\/revisions"}],"wp:attachment":[{"href":"https:\/\/archive.sana.sy\/tr\/index.php?rest_route=%2Fwp%2Fv2%2Fmedia&parent=125159"}],"wp:term":[{"taxonomy":"category","embeddable":true,"href":"https:\/\/archive.sana.sy\/tr\/index.php?rest_route=%2Fwp%2Fv2%2Fcategories&post=125159"},{"taxonomy":"post_tag","embeddable":true,"href":"https:\/\/archive.sana.sy\/tr\/index.php?rest_route=%2Fwp%2Fv2%2Ftags&post=125159"}],"curies":[{"name":"wp","href":"https:\/\/api.w.org\/{rel}","templated":true}]}}