{"id":125160,"date":"2017-09-23T18:00:46","date_gmt":"2017-09-23T15:00:46","guid":{"rendered":"http:\/\/www.sana.sy\/tr\/?p=125160"},"modified":"2017-09-23T17:59:31","modified_gmt":"2017-09-23T14:59:31","slug":"dolayisiyla-uluslar-arasi-duzeyde-terore-karsi-ciddi-durust-ve-etkin-bir-isbirliginin-olmasi-geregini-vurgulayan-muallim-terorle-mucadelede-devletlerin-egemenligine-ve-halklarin-cikarlarina-saygi-ve","status":"publish","type":"post","link":"https:\/\/archive.sana.sy\/tr\/?p=125160","title":{"rendered":"Dolay\u0131s\u0131yla uluslar aras\u0131 d\u00fczeyde ter\u00f6re kar\u015f\u0131 ciddi, d\u00fcr\u00fcst ve etkin bir i\u015fbirli\u011finin olmas\u0131 gere\u011fini vurgulayan Muallim; ter\u00f6rle m\u00fccadelede devletlerin egemenli\u011fine ve halklar\u0131n \u00e7\u0131karlar\u0131na sayg\u0131 ve \u00f6zen g\u00f6sterilmesi \u00f6nemini vurgulad\u0131"},"content":{"rendered":"<p>Dolay\u0131s\u0131yla uluslar aras\u0131 d\u00fczeyde ter\u00f6re kar\u015f\u0131 ciddi, d\u00fcr\u00fcst ve etkin bir i\u015fbirli\u011finin olmas\u0131 gere\u011fini vurgulayan Muallim; ter\u00f6rle m\u00fccadelede devletlerin egemenli\u011fine ve halklar\u0131n \u00e7\u0131karlar\u0131na sayg\u0131 ve \u00f6zen g\u00f6sterilmesi \u00f6nemini vurgulad\u0131<\/p>\n","protected":false},"excerpt":{"rendered":"<p>Dolay\u0131s\u0131yla uluslar aras\u0131 d\u00fczeyde ter\u00f6re kar\u015f\u0131 ciddi, d\u00fcr\u00fcst ve etkin bir i\u015fbirli\u011finin olmas\u0131 gere\u011fini vurgulayan Muallim; ter\u00f6rle m\u00fccadelede devletlerin egemenli\u011fine ve halklar\u0131n \u00e7\u0131karlar\u0131na sayg\u0131 ve \u00f6zen g\u00f6sterilmesi \u00f6nemini vurgulad\u0131<\/p>\n","protected":false},"author":1,"featured_media":0,"comment_status":"closed","ping_status":"closed","sticky":false,"template":"","format":"standard","meta":{"footnotes":""},"categories":[17991],"tags":[],"class_list":["post-125160","post","type-post","status-publish","format-standard","","category-son-dakika"],"_links":{"self":[{"href":"https:\/\/archive.sana.sy\/tr\/index.php?rest_route=\/wp\/v2\/posts\/125160","targetHints":{"allow":["GET"]}}],"collection":[{"href":"https:\/\/archive.sana.sy\/tr\/index.php?rest_route=\/wp\/v2\/posts"}],"about":[{"href":"https:\/\/archive.sana.sy\/tr\/index.php?rest_route=\/wp\/v2\/types\/post"}],"author":[{"embeddable":true,"href":"https:\/\/archive.sana.sy\/tr\/index.php?rest_route=\/wp\/v2\/users\/1"}],"replies":[{"embeddable":true,"href":"https:\/\/archive.sana.sy\/tr\/index.php?rest_route=%2Fwp%2Fv2%2Fcomments&post=125160"}],"version-history":[{"count":0,"href":"https:\/\/archive.sana.sy\/tr\/index.php?rest_route=\/wp\/v2\/posts\/125160\/revisions"}],"wp:attachment":[{"href":"https:\/\/archive.sana.sy\/tr\/index.php?rest_route=%2Fwp%2Fv2%2Fmedia&parent=125160"}],"wp:term":[{"taxonomy":"category","embeddable":true,"href":"https:\/\/archive.sana.sy\/tr\/index.php?rest_route=%2Fwp%2Fv2%2Fcategories&post=125160"},{"taxonomy":"post_tag","embeddable":true,"href":"https:\/\/archive.sana.sy\/tr\/index.php?rest_route=%2Fwp%2Fv2%2Ftags&post=125160"}],"curies":[{"name":"wp","href":"https:\/\/api.w.org\/{rel}","templated":true}]}}