{"id":125173,"date":"2017-09-23T18:16:31","date_gmt":"2017-09-23T15:16:31","guid":{"rendered":"http:\/\/www.sana.sy\/tr\/?p=125173"},"modified":"2017-09-23T18:10:07","modified_gmt":"2017-09-23T15:10:07","slug":"basbakan-yardimcisi-disisleri-ve-gurbetciler-bakani-muallim-suriyede-saglanacak-herhangi-bir-cozumun-tum-suriyeliler-icin-kirmizi-cizgi-niteliginde-sayilan-ulusal-ilke-ve-degerleri-dikkate-almasi","status":"publish","type":"post","link":"https:\/\/archive.sana.sy\/tr\/?p=125173","title":{"rendered":"Ba\u015fbakan Yard\u0131mc\u0131s\u0131 D\u0131\u015fi\u015fleri ve Gurbet\u00e7iler Bakan\u0131 Muallim; Suriye&#8217;de sa\u011flanacak herhangi bir \u00e7\u00f6z\u00fcm\u00fcn, t\u00fcm Suriyeliler i\u00e7in k\u0131rm\u0131z\u0131 \u00e7izgi niteli\u011finde say\u0131lan ulusal ilke ve de\u011ferleri dikkate almas\u0131 gere\u011fini vurgulad\u0131"},"content":{"rendered":"<p>Ba\u015fbakan Yard\u0131mc\u0131s\u0131 D\u0131\u015fi\u015fleri ve Gurbet\u00e7iler Bakan\u0131 Muallim; Suriye&#8217;de sa\u011flanacak herhangi bir \u00e7\u00f6z\u00fcm\u00fcn, t\u00fcm Suriyeliler i\u00e7in k\u0131rm\u0131z\u0131 \u00e7izgi niteli\u011finde say\u0131lan ulusal ilke ve de\u011ferleri dikkate almas\u0131 gere\u011fini vurgulad\u0131<\/p>\n","protected":false},"excerpt":{"rendered":"<p>Ba\u015fbakan Yard\u0131mc\u0131s\u0131 D\u0131\u015fi\u015fleri ve Gurbet\u00e7iler Bakan\u0131 Muallim; Suriye&#8217;de sa\u011flanacak herhangi bir \u00e7\u00f6z\u00fcm\u00fcn, t\u00fcm Suriyeliler i\u00e7in k\u0131rm\u0131z\u0131 \u00e7izgi niteli\u011finde say\u0131lan ulusal ilke ve de\u011ferleri dikkate almas\u0131 gere\u011fini vurgulad\u0131<\/p>\n","protected":false},"author":1,"featured_media":0,"comment_status":"closed","ping_status":"closed","sticky":false,"template":"","format":"standard","meta":{"footnotes":""},"categories":[17991],"tags":[],"class_list":["post-125173","post","type-post","status-publish","format-standard","","category-son-dakika"],"_links":{"self":[{"href":"https:\/\/archive.sana.sy\/tr\/index.php?rest_route=\/wp\/v2\/posts\/125173","targetHints":{"allow":["GET"]}}],"collection":[{"href":"https:\/\/archive.sana.sy\/tr\/index.php?rest_route=\/wp\/v2\/posts"}],"about":[{"href":"https:\/\/archive.sana.sy\/tr\/index.php?rest_route=\/wp\/v2\/types\/post"}],"author":[{"embeddable":true,"href":"https:\/\/archive.sana.sy\/tr\/index.php?rest_route=\/wp\/v2\/users\/1"}],"replies":[{"embeddable":true,"href":"https:\/\/archive.sana.sy\/tr\/index.php?rest_route=%2Fwp%2Fv2%2Fcomments&post=125173"}],"version-history":[{"count":0,"href":"https:\/\/archive.sana.sy\/tr\/index.php?rest_route=\/wp\/v2\/posts\/125173\/revisions"}],"wp:attachment":[{"href":"https:\/\/archive.sana.sy\/tr\/index.php?rest_route=%2Fwp%2Fv2%2Fmedia&parent=125173"}],"wp:term":[{"taxonomy":"category","embeddable":true,"href":"https:\/\/archive.sana.sy\/tr\/index.php?rest_route=%2Fwp%2Fv2%2Fcategories&post=125173"},{"taxonomy":"post_tag","embeddable":true,"href":"https:\/\/archive.sana.sy\/tr\/index.php?rest_route=%2Fwp%2Fv2%2Ftags&post=125173"}],"curies":[{"name":"wp","href":"https:\/\/api.w.org\/{rel}","templated":true}]}}