{"id":125179,"date":"2017-09-23T18:18:27","date_gmt":"2017-09-23T15:18:27","guid":{"rendered":"http:\/\/www.sana.sy\/tr\/?p=125179"},"modified":"2017-09-23T18:13:33","modified_gmt":"2017-09-23T15:13:33","slug":"muallim-bu-ilkelerin-basinda-da-suriye-topraklarinin-tamaminin-terorden-tamamen-kurtarilmasi-ulusal-egemenlik-ve-toprak-butunlugunun-tam-ve-eksiksiz-bir-sekilde-saglanmasi-suriyenin-siyasi-kararla","status":"publish","type":"post","link":"https:\/\/archive.sana.sy\/tr\/?p=125179","title":{"rendered":"Muallim bu ilkelerin ba\u015f\u0131nda da Suriye topraklar\u0131n\u0131n tamam\u0131n\u0131n ter\u00f6rden tamamen kurtar\u0131lmas\u0131, ulusal egemenlik ve toprak b\u00fct\u00fcnl\u00fc\u011f\u00fcn\u00fcn tam ve eksiksiz bir \u015fekilde sa\u011flanmas\u0131, Suriye&#8217;nin siyasi kararlar\u0131 ve gelece\u011fine ili\u015fkin herhangi bir m\u00fcdahalenin olmamas\u0131 ilkelerinin geldi\u011fine dikkat \u00e7ekti"},"content":{"rendered":"<p>Muallim bu ilkelerin ba\u015f\u0131nda da Suriye topraklar\u0131n\u0131n tamam\u0131n\u0131n ter\u00f6rden tamamen kurtar\u0131lmas\u0131, ulusal egemenlik ve toprak b\u00fct\u00fcnl\u00fc\u011f\u00fcn\u00fcn tam ve eksiksiz bir \u015fekilde sa\u011flanmas\u0131, Suriye&#8217;nin siyasi kararlar\u0131 ve gelece\u011fine ili\u015fkin herhangi bir m\u00fcdahalenin olmamas\u0131 ilkelerinin geldi\u011fine dikkat \u00e7ekti<\/p>\n","protected":false},"excerpt":{"rendered":"<p>Muallim bu ilkelerin ba\u015f\u0131nda da Suriye topraklar\u0131n\u0131n tamam\u0131n\u0131n ter\u00f6rden tamamen kurtar\u0131lmas\u0131, ulusal egemenlik ve toprak b\u00fct\u00fcnl\u00fc\u011f\u00fcn\u00fcn tam ve eksiksiz bir \u015fekilde sa\u011flanmas\u0131, Suriye&#8217;nin siyasi kararlar\u0131 ve gelece\u011fine ili\u015fkin herhangi bir m\u00fcdahalenin olmamas\u0131 ilkelerinin geldi\u011fine dikkat \u00e7ekti<\/p>\n","protected":false},"author":1,"featured_media":0,"comment_status":"closed","ping_status":"closed","sticky":false,"template":"","format":"standard","meta":{"footnotes":""},"categories":[17991],"tags":[],"class_list":["post-125179","post","type-post","status-publish","format-standard","","category-son-dakika"],"_links":{"self":[{"href":"https:\/\/archive.sana.sy\/tr\/index.php?rest_route=\/wp\/v2\/posts\/125179","targetHints":{"allow":["GET"]}}],"collection":[{"href":"https:\/\/archive.sana.sy\/tr\/index.php?rest_route=\/wp\/v2\/posts"}],"about":[{"href":"https:\/\/archive.sana.sy\/tr\/index.php?rest_route=\/wp\/v2\/types\/post"}],"author":[{"embeddable":true,"href":"https:\/\/archive.sana.sy\/tr\/index.php?rest_route=\/wp\/v2\/users\/1"}],"replies":[{"embeddable":true,"href":"https:\/\/archive.sana.sy\/tr\/index.php?rest_route=%2Fwp%2Fv2%2Fcomments&post=125179"}],"version-history":[{"count":0,"href":"https:\/\/archive.sana.sy\/tr\/index.php?rest_route=\/wp\/v2\/posts\/125179\/revisions"}],"wp:attachment":[{"href":"https:\/\/archive.sana.sy\/tr\/index.php?rest_route=%2Fwp%2Fv2%2Fmedia&parent=125179"}],"wp:term":[{"taxonomy":"category","embeddable":true,"href":"https:\/\/archive.sana.sy\/tr\/index.php?rest_route=%2Fwp%2Fv2%2Fcategories&post=125179"},{"taxonomy":"post_tag","embeddable":true,"href":"https:\/\/archive.sana.sy\/tr\/index.php?rest_route=%2Fwp%2Fv2%2Ftags&post=125179"}],"curies":[{"name":"wp","href":"https:\/\/api.w.org\/{rel}","templated":true}]}}