{"id":12518,"date":"2014-10-06T12:52:35","date_gmt":"2014-10-06T09:52:35","guid":{"rendered":"http:\/\/www.sanasyria.org\/tr\/?p=12518"},"modified":"2014-10-07T23:29:13","modified_gmt":"2014-10-07T20:29:13","slug":"suriye-ordusu-her-daim-yenilmez-bir-kale-olarak-kalacaktir","status":"publish","type":"post","link":"https:\/\/archive.sana.sy\/tr\/?p=12518","title":{"rendered":"Savunma Bakan\u0131 Ordu Birliklerine Saha Gezisinde Bulundu"},"content":{"rendered":"<p>\u015eAM \u2013 Ordu ve Silahl\u0131 Kuvvetler Genel Komutan Yard\u0131mc\u0131s\u0131 Savunma Bakan\u0131 Korgeneral Fahd Casim el Freyc genel komutanl\u0131kta \u00fcst d\u00fczey subay ve generallerin refakatinde Ekim Kurtulu\u015f Zaferinin 41. Y\u0131ld\u00f6n\u00fcm\u00fc m\u00fcnasebetiyle ordu birliklerimize saha gezisinde bulundu.<\/p>\n<p>Korgeneral Freyc bulundu\u011fu inceleme gezisinde vatan koruyucular\u0131m\u0131z ile bir araya gelerek zafer y\u0131ld\u00f6n\u00fcm\u00fcn\u00fc kutlad\u0131.<\/p>\n<p>Bu m\u00fcnasebetle ordu ve silahl\u0131 kuvvetler genel komutan\u0131 orgeneral Be\u015f\u015far el Esad\u2019\u0131n iyi dileklerini takdim eden Freyc; Ekim Sava\u015f\u0131nda \u015fan ve onur destanlar\u0131 yazan ordumuzun, g\u00fcn\u00fcm\u00fczde de \u00e7okuluslu ter\u00f6r \u00e7etelere kar\u015f\u0131 ba\u015far\u0131 ve \u015fanl\u0131 zaferlerini s\u00fcrd\u00fcrd\u00fc\u011f\u00fcn\u00fc belirtti.<\/p>\n<p>www.youtube.com\/watch?v=6uOKJ71_B24<\/p>\n<p>\u00d6te yandan ordu birliklerimiz yurdun muhtelif b\u00f6lgelerinde Ekim Kurtulu\u015f Zaferinin 41. Y\u0131ld\u00f6n\u00fcm\u00fc m\u00fcnasebetiyle kutlama etkinlikleri d\u00fczenledi.<br \/>\nKutlama faaliyetlerinde askeri ve spor sunumlar\u0131nda bulunan vatan koruyucular\u0131m\u0131z; vatan ve vatanda\u015flar\u0131n can ve mal g\u00fcvenli\u011fini korumakla birlikte ulusal egemenlik ve ba\u011f\u0131ms\u0131zl\u0131\u011f\u0131 savunma azim ve kararl\u0131l\u0131\u011f\u0131n\u0131 vurgulad\u0131lar.<\/p>\n<p><span style=\"color: #0000ff\">Suriye Ordusu Her Daim Yenilmez Bir Kale Olarak Kalacakt\u0131r<\/span><\/p>\n<p>\u00d6te yanda Ordu ve Silahl\u0131 Kuvvetler Genel Komutan\u0131 Yard\u0131mc\u0131s\u0131 Savunma Bakan\u0131 Korgeneral el Freyc vatan koruyucular\u0131 kahramanlar\u0131m\u0131z\u0131n Ekim Kurtulu\u015f Sava\u015f\u0131n\u0131n anlam ve de\u011ferlerinin devam\u0131 olarak ter\u00f6r ve edatlar\u0131n\u0131 bertaraf etme g\u00f6revlerini ba\u015far\u0131yla s\u00fcrd\u00fcrd\u00fcklerini belirtti.<\/p>\n<p>Ekim Kurtulu\u015f Zaferinin 41. Y\u0131ld\u00f6n\u00fcm\u00fc m\u00fcnasebetiyle Suriye televizyon kanal\u0131yla telefon ba\u011flant\u0131s\u0131nda kahraman ordumuzun 2011 y\u0131l\u0131 Mart ay\u0131ndan beri \u00e7okuluslu kiral\u0131k ve tekfircilerin yan\u0131 s\u0131ra hain ter\u00f6r \u00f6rg\u00fctlere kar\u015f\u0131 olduk\u00e7a \u00f6nemli ve g\u00fczel ba\u015far\u0131lar kaydetti\u011fine dikkat \u00e7ekerek, vatan ve vatanda\u015flar\u0131n g\u00fcvenli\u011fini sa\u011flamadaki duyarl\u0131 yurtsever g\u00f6revinde y\u00fcksek say\u0131da \u015fehit ve yaral\u0131 takdim etti\u011fini belirtti.<\/p>\n<p>Korgeneral Freyc ter\u00f6ristlerin yarg\u0131lanmalar\u0131na ili\u015fkin medyada yap\u0131lan propagandan\u0131n b\u00f6lgede ter\u00f6r\u00fc destekleyenleri aklamayaca\u011f\u0131n\u0131 ifade etti.<\/p>\n<p>Suriye Arap ordusunun en \u00e7irkin ve en tehlikeli ter\u00f6re kar\u015f\u0131 m\u00fccadele etti\u011fine dikkat \u00e7eken Korgeneral Freyc; ordunun g\u00fcn\u00fcm\u00fczde \u2018ter\u00f6rle m\u00fccadele etti\u011fini\u2019 iddia eden d\u00fcnyan\u0131n say\u0131s\u0131z devletlerinden gelen binlerce ter\u00f6riste kar\u015f\u0131 koydu\u011funu vurgulad\u0131.<\/p>\n<p>ABD\u2019nin komuta etti\u011fi uluslar aras\u0131 ter\u00f6rle m\u00fccadele koalisyonuna kat\u0131lmakla ter\u00f6rle m\u00fccadele onurunu Suriye ordusuyla payla\u015faca\u011f\u0131n\u0131 d\u00fc\u015f\u00fcnenlerin hataya d\u00fc\u015ft\u00fcklerini belirten Korgeneral Freyc; ter\u00f6rle m\u00fccadele etmek isteyenlerin \u2018silahl\u0131 \u0131l\u0131man muhalifler\u2019, I\u015e\u0130D, Nusra Cephesi, \u0130slami Cephe, \u2018\u00d6SO\u2019 ve daha di\u011fer \u00f6rg\u00fctlerden olu\u015fan yeni bir ter\u00f6r ordusu kurmamas\u0131 yada bunlar\u0131 desteklememesi gerekti\u011finin alt\u0131n\u0131 \u00e7izdi. Korgeneral Freyc Suriye devletine kar\u015f\u0131 \u00e7at\u0131\u015fan ve masum insanlar\u0131 katleden t\u00fcm bu \u00f6rg\u00fctlerin ter\u00f6r \u00f6rg\u00fctlerinden ibaret oldu\u011funu vurgulad\u0131.<\/p>\n<p>Korgeneral Freyc istisnas\u0131z herkesi tehdit eden ter\u00f6r\u00fcn tehlikesine kar\u015f\u0131 uyar\u0131da bulunurken; ter\u00f6rle m\u00fccadelenin devletlerin egemenli\u011fine sayg\u0131y\u0131 dikkate alan uluslar aras\u0131 karar, denetim ve \u00e7abalarla olmas\u0131 gerekti\u011fini belirtti.<\/p>\n<p>Suriye&#8217;nin uluslar aras\u0131 kararlar temelinde ter\u00f6rle m\u00fccadeleye hizmet edecek her \u00e7abay\u0131 destekledi\u011fini ve bu ba\u011flamda i\u015fbirli\u011fine haz\u0131r oldu\u011funu bir kez daha ifade eden Korgeneral Freyc; ter\u00f6rle m\u00fccadele etmek isteyenlerin Suriye ile temaslarda bulunmas\u0131 gerekti\u011fini bunun aksinin de do\u011fru olmad\u0131\u011f\u0131n\u0131 s\u00f6yledi.<\/p>\n<p>Ter\u00f6rle m\u00fccadele ad\u0131 alt\u0131nda te\u015fkil edilen ABD komutas\u0131ndaki uluslar aras\u0131 koalisyona kat\u0131lanlar\u0131n b\u00fcy\u00fck bir \u00e7o\u011funlu\u011funun \u00fc\u00e7 y\u0131ldan fazla bir s\u00fcredir Suriye halk\u0131na kar\u015f\u0131 en \u00e7irkef eylemleri ger\u00e7ekle\u015ftiren ter\u00f6r \u00f6rg\u00fctlere her t\u00fcrl\u00fc deste\u011fi sa\u011flad\u0131klar\u0131na dikkat \u00e7eken Korgeneral Freyc; koalisyonun ter\u00f6r\u00fc destekleyen ve finanse edenlerden ibaret oldu\u011funun alt\u0131n\u0131 \u00e7izdi.<\/p>\n<p>Korgeneral Freyc propaganda ve psikolojik sava\u015f uzman\u0131 medya imparatorlar\u0131n\u0131n art\u0131k herkes taraf\u0131ndan bilinen ve kan\u0131tlarla de\u015fifre edilen yalan dolanlarla kimseyi ikna etmelerinin m\u00fcmk\u00fcn olmad\u0131\u011f\u0131n\u0131 s\u00f6yledi.<\/p>\n<p>G\u00fcn\u00fcm\u00fczde Ekim Kurtulu\u015f Zaferinden s\u00f6z etmenin kahramanl\u0131k, onur, \u015feref ve fedakarl\u0131ktan s\u00f6z etme anlam\u0131nda oldu\u011funa i\u015faret eden Korgeneral Freyc; Ekim Kurtulu\u015f Zaferinin t\u00fcm bu on y\u0131llar buyunca g\u00fcn\u00fcm\u00fcze dek sa\u011flanan ba\u015far\u0131lar\u0131n ilham kayna\u011f\u0131n\u0131 olu\u015fturdu\u011funu ifade etti.<\/p>\n<p>Korgeneral Freyc \u00f6l\u00fcms\u00fcz lider b\u00fcy\u00fck \u00f6nder Haf\u0131z el Esad\u2019\u0131n komutas\u0131nda ba\u015flat\u0131lan d\u00fczeltme hareketinin ba\u015far\u0131lar\u0131na dikkat \u00e7ekerken; b\u00fcy\u00fck \u00f6nderin \u00fcst\u00fcn zekas\u0131yla Arap milletini yenilgi psikolojisinden zafer psikolojisine ta\u015f\u0131may\u0131 ba\u015fard\u0131\u011f\u0131n\u0131 belirtti.<\/p>\n<p>B\u00fcy\u00fck \u00f6nderin o d\u00f6nemde Suriye ordusunu yeniden yap\u0131land\u0131rmakla birlikte sa\u011flam ideolojiye dayand\u0131rma ve onu nitelikli silahlarla silahland\u0131rmay\u0131 ba\u015fard\u0131\u011f\u0131na dikkat \u00e7eken Korgeneral Freyc; ordunun b\u00f6ylelikle d\u00fc\u015fman \u0130srail&#8217;e kar\u015f\u0131 stratejik zaferler sa\u011flad\u0131\u011f\u0131n\u0131 vurgulad\u0131.<\/p>\n<p>Korgeneral Freyc Suriye ordusunun her daim vatan ve milletin yenilmez kalesi oldu\u011funu ve \u00f6yle kalaca\u011f\u0131n\u0131n alt\u0131n\u0131 \u00e7izdi.<\/p>\n<p>Konu\u015fmas\u0131n\u0131n bitiminde Korgeneral Freyc; Suriye ordusunu, liderini ve halk\u0131n\u0131 selamlarken vatan u\u011fruna \u015fehit ve yaral\u0131 d\u00fc\u015fenlere takdirlerini ifade etti.<\/p>\n","protected":false},"excerpt":{"rendered":"<p>\u015eAM \u2013 Ordu ve Silahl\u0131 Kuvvetler Genel Komutan Yard\u0131mc\u0131s\u0131 Savunma Bakan\u0131 Korgeneral Fahd Casim el Freyc genel komutanl\u0131kta \u00fcst d\u00fczey subay ve generallerin refakatinde Ekim Kurtulu\u015f Zaferinin 41. Y\u0131ld\u00f6n\u00fcm\u00fc m\u00fcnasebetiyle ordu birliklerimize saha gezisinde bulundu. Korgeneral Freyc bulundu\u011fu inceleme gezisinde vatan koruyucular\u0131m\u0131z ile bir araya gelerek zafer y\u0131ld\u00f6n\u00fcm\u00fcn\u00fc kutlad\u0131. Bu m\u00fcnasebetle ordu ve silahl\u0131 kuvvetler &hellip;<\/p>\n","protected":false},"author":1,"featured_media":12537,"comment_status":"closed","ping_status":"closed","sticky":false,"template":"","format":"standard","meta":{"footnotes":""},"categories":[479,478],"tags":[3286,3290,3288,3289,3285,3287,3284],"class_list":["post-12518","post","type-post","status-publish","format-standard","has-post-thumbnail","","category-haberler-yerel","category-yerel","tag-kirsalda-ceddiye-ve-zemlin-beldeleriyle-birlikte-nimr-hara-karayolunda-kumelenme-yerlerini-icindeki-teroristler","tag-liderini-ve-halkini-selamlarken-vatan-ugruna-sehit-ve-yarali-dusenlere-takdirlerini-ifade-etti","tag-onur","tag-seref-ve-fedakarliktan-soz-etme-anlaminda-olduguna-isaret-eden-korgeneral-freyc-ekim-kurtulus-zaferinin-tum-bu-on-yillar-buyunca-gunumuze-dek-saglanan-basarilarin-ilham-kaynagini-olusturdugunu-ifade","tag-seyba-ve-arbain-semtlerinde-cok-sayida-teroristi-suc-edatlari-ve-silahlariyla-birlikte-etkisiz-hale-getirirken","tag-silah-ve-araclarla-birlikte-imha-etti-terorle-mucadele-adi-altinda-teskil-edilen-abd-komutasindaki-uluslar-arasi-koalisyona-katilanlarin-buyuk-bir-cogunlugunun-uc-yildan-fazla-bir-suredir-suriye-halk","tag-suriye-ordusu-her-daim-yenilmez-bir-kale-olarak-kalacaktir-sam-ordu-birliklerimizin-derada-yermuk-banliyosune-ilaveten-dera-beledin-kerk"],"_links":{"self":[{"href":"https:\/\/archive.sana.sy\/tr\/index.php?rest_route=\/wp\/v2\/posts\/12518","targetHints":{"allow":["GET"]}}],"collection":[{"href":"https:\/\/archive.sana.sy\/tr\/index.php?rest_route=\/wp\/v2\/posts"}],"about":[{"href":"https:\/\/archive.sana.sy\/tr\/index.php?rest_route=\/wp\/v2\/types\/post"}],"author":[{"embeddable":true,"href":"https:\/\/archive.sana.sy\/tr\/index.php?rest_route=\/wp\/v2\/users\/1"}],"replies":[{"embeddable":true,"href":"https:\/\/archive.sana.sy\/tr\/index.php?rest_route=%2Fwp%2Fv2%2Fcomments&post=12518"}],"version-history":[{"count":0,"href":"https:\/\/archive.sana.sy\/tr\/index.php?rest_route=\/wp\/v2\/posts\/12518\/revisions"}],"wp:featuredmedia":[{"embeddable":true,"href":"https:\/\/archive.sana.sy\/tr\/index.php?rest_route=\/wp\/v2\/media\/12537"}],"wp:attachment":[{"href":"https:\/\/archive.sana.sy\/tr\/index.php?rest_route=%2Fwp%2Fv2%2Fmedia&parent=12518"}],"wp:term":[{"taxonomy":"category","embeddable":true,"href":"https:\/\/archive.sana.sy\/tr\/index.php?rest_route=%2Fwp%2Fv2%2Fcategories&post=12518"},{"taxonomy":"post_tag","embeddable":true,"href":"https:\/\/archive.sana.sy\/tr\/index.php?rest_route=%2Fwp%2Fv2%2Ftags&post=12518"}],"curies":[{"name":"wp","href":"https:\/\/api.w.org\/{rel}","templated":true}]}}