{"id":125182,"date":"2017-09-23T18:19:12","date_gmt":"2017-09-23T15:19:12","guid":{"rendered":"http:\/\/www.sana.sy\/tr\/?p=125182"},"modified":"2017-09-24T15:46:48","modified_gmt":"2017-09-24T12:46:48","slug":"suriyenin-toprak-butunlugu-ve-egemenligi-kirmizi-cizgidir","status":"publish","type":"post","link":"https:\/\/archive.sana.sy\/tr\/?p=125182","title":{"rendered":"Suriye&#8217;nin Toprak B\u00fct\u00fcnl\u00fc\u011f\u00fc ve Egemenli\u011fi K\u0131rm\u0131z\u0131 \u00c7izgidir (video)"},"content":{"rendered":"<p>NEW YORK \u2013 Ba\u015fbakan Yard\u0131mc\u0131s\u0131 D\u0131\u015fi\u015fleri ve Gurbet\u00e7iler Bakan\u0131 Velid el Muallim New York\u2019ta d\u00fczenlenen BM genel kurulunun 72. D\u00f6nem toplant\u0131lar\u0131nda Suriye ad\u0131na bir konu\u015fma yapt\u0131.<\/p>\n<p>Muallim konu\u015fmas\u0131nda; Suriye ordusunun bunca fedakarl\u0131klar\u0131 ve kahramanl\u0131klar\u0131n\u0131n yan\u0131 s\u0131ra halk\u0131n\u0131n \u015fanl\u0131 m\u00fccadelesi ard\u0131ndan vatan\u0131n her kar\u0131\u015f topra\u011f\u0131n\u0131 ter\u00f6rden tamamen temizleyip g\u00fcvenlik ve egemenli\u011fi sa\u011flamaya her zamandan daha \u00e7ok kararl\u0131 ve azimli oldu\u011funu vurgulad\u0131<\/p>\n<p>Suriye&#8217;nin krizin ilk ba\u015f\u0131ndan beri iki temel eksen \u00fczerinde ilerlemeye \u00e7al\u0131\u015ft\u0131\u011f\u0131n\u0131 belirten Muallim; ilkinin ter\u00f6rle m\u00fccadele, ikincisinin ise ulusal uzla\u015fma ve siyasi \u00e7abalar arac\u0131l\u0131\u011f\u0131 ile siyasi \u00e7\u00f6z\u00fcm sa\u011flamak oldu\u011funu vurgulad\u0131.<\/p>\n<p>Muallim Suriye&#8217;nin ilk ba\u015ftan beri Suriye&#8217;de kanlar\u0131n ak\u0131t\u0131lmas\u0131na son verme ihtimali olan her t\u00fcrl\u00fc giri\u015fim ve \u00e7abaya olumlu ve a\u00e7\u0131k bir vizyonla yakla\u015ft\u0131\u011f\u0131n\u0131 ifade etti. Fakat bu giri\u015fimlerin bir k\u0131sm\u0131nda Suriye&#8217;nin egemenli\u011finin ihlal edildi\u011fine dikkat \u00e7eken Muallim; ayn\u0131 zamanda ciddi ve d\u00fcr\u00fcst t\u00fcm giri\u015fimlerin de Suriye ve halk\u0131na d\u00fc\u015fmanl\u0131klar\u0131yla bilinip ter\u00f6re muhtelif t\u00fcr destek temin eden devletler ve taraflarca engellenip sabote edildi\u011fini kaydetti.<\/p>\n<p>Astana ve Cenevre s\u00fcre\u00e7leri konusunda ise Muallim; Suriye&#8217;nin bu s\u00fcre\u00e7lerin ba\u015far\u0131l\u0131 olmas\u0131 i\u00e7in gereken her icraat\u0131 al\u0131p uygun ortam\u0131 temin etti\u011fini belirtti.<\/p>\n<p>Muallim d\u00fcnyada istisnas\u0131z herkesin; ter\u00f6re destek devam etti\u011fi ve ter\u00f6re kar\u015f\u0131 m\u00fccadelede ciddi ve ortak bir irade olmad\u0131\u011f\u0131 s\u00fcrece bu ter\u00f6r\u00fcn her daim kanser gibi yay\u0131laca\u011f\u0131n\u0131 ve t\u00fcm d\u00fcnyan\u0131n kabusu olmaya devam edece\u011fini irdelemeleri gerekti\u011fini belirtti. Dolay\u0131s\u0131yla uluslar aras\u0131 d\u00fczeyde ter\u00f6re kar\u015f\u0131 ciddi, d\u00fcr\u00fcst ve etkin bir i\u015fbirli\u011finin olmas\u0131 gere\u011fini vurgulayan Muallim; ter\u00f6rle m\u00fccadelede devletlerin egemenli\u011fine ve halklar\u0131n \u00e7\u0131karlar\u0131na sayg\u0131 ve \u00f6zen g\u00f6sterilmesi \u00f6nemini vurgulad\u0131. Muallim ayn\u0131 zamanda ter\u00f6rle m\u00fccadele bahanesi alt\u0131nda ba\u015fka \u00fclkelerin egemenli\u011fini ve i\u00e7i\u015flerini ihlal etme, dar \u00e7\u0131karlar ya da siyasi hedefler u\u011fruna ko\u015fma veya bu ba\u011flamlarda ter\u00f6r\u00fc edat olarak kullanmaya son verilmesi gere\u011finin alt\u0131n\u0131 \u00e7izdi.<\/p>\n<p>Konu\u015fmas\u0131nda gerilimi azaltma b\u00f6lgeleri anla\u015fmalar\u0131na da de\u011finen Muallim; Suriye&#8217;nin bu anla\u015fmalara tam ba\u011fl\u0131l\u0131\u011f\u0131n\u0131 ifade etti\u011fi bir zamanda kar\u015f\u0131 taraftan meydana gelebilecek herhangi bir ihlale kar\u015f\u0131l\u0131k verme, ulusal egemenli\u011fini savunma hakk\u0131n\u0131n da alt\u0131n\u0131 \u00e7izdi\u011fini ifade etti. Muallim Suriye&#8217;nin, gerilimi azaltma b\u00f6lgeleri anla\u015fmalar\u0131n\u0131n ge\u00e7ici oldu\u011funu, bu b\u00f6lgelerin Suriye&#8217;nin herhangi bir yerinde ulusal egemenli\u011fi ya da toprak b\u00fct\u00fcnl\u00fc\u011f\u00fcn\u00fc herhangi bir \u015fekilde ihlal etmesi veya zedelemesini kabul etmesinin hi\u00e7bir \u015fekilde m\u00fcmk\u00fcn olmad\u0131\u011f\u0131n\u0131n da bir kez daha alt\u0131n\u0131 \u00e7izdi.<\/p>\n<p>Ba\u015fbakan Yard\u0131mc\u0131s\u0131 D\u0131\u015fi\u015fleri ve Gurbet\u00e7iler Bakan\u0131 Muallim; Suriye&#8217;de sa\u011flanacak herhangi bir \u00e7\u00f6z\u00fcm\u00fcn, t\u00fcm Suriyeliler i\u00e7in k\u0131rm\u0131z\u0131 \u00e7izgi niteli\u011finde say\u0131lan ulusal ilke ve de\u011ferleri dikkate almas\u0131 gere\u011fini vurgulad\u0131. Muallim bu ilkelerin ba\u015f\u0131nda da Suriye topraklar\u0131n\u0131n tamam\u0131n\u0131n ter\u00f6rden tamamen kurtar\u0131lmas\u0131, ulusal egemenlik ve toprak b\u00fct\u00fcnl\u00fc\u011f\u00fcn\u00fcn tam ve eksiksiz bir \u015fekilde sa\u011flanmas\u0131, Suriye&#8217;nin siyasi kararlar\u0131 ve gelece\u011fine ili\u015fkin herhangi bir m\u00fcdahalenin olmamas\u0131 ilkelerinin geldi\u011fine dikkat \u00e7ekti.<\/p>\n<p>\u0130srail&#8217;in Suriye&#8217;de Kaide \u00d6rg\u00fct\u00fcn\u00fcn Suriye kolu Nusra Cephesi, I\u015e\u0130D ve di\u011fer ter\u00f6r \u00f6rg\u00fctlere muhtelif t\u00fcr destek temin etti\u011fini belirten Muallim, ayn\u0131 zamanda ter\u00f6re kar\u015f\u0131 en etkin m\u00fccadeleyi veren Suriye ordusuna da direk sald\u0131r\u0131larda bulundu\u011funu ifade etti. Muallim \u0130srail ve ter\u00f6r \u00f6rg\u00fctleri aras\u0131nda Suriye ve halk\u0131na kar\u015f\u0131 ortak bir hedefin olmas\u0131yla \u0130srail&#8217;in bu tutumunun asl\u0131nda s\u00fcrpriz olmad\u0131\u011f\u0131na i\u015faret etti.<\/p>\n<p>T\u00fcm bu ter\u00f6r ve sava\u015f\u0131n Suriye&#8217;yi \u0130srail i\u015fgali alt\u0131ndaki Golan topraklar\u0131n\u0131 kurtarmada sakl\u0131 hakk\u0131ndan cayd\u0131rabilece\u011fini d\u00fc\u015f\u00fcnenlerin b\u00fcy\u00fck hayallere kap\u0131ld\u0131klar\u0131n\u0131 belirten Muallim; Suriye&#8217;nin hi\u00e7bir ko\u015ful ya da dayatma alt\u0131ndan Golan\u2019\u0131 Haziran 1967 y\u0131l\u0131 s\u0131n\u0131rlar\u0131na dek geri alma hakk\u0131ndan caymayaca\u011f\u0131n\u0131n alt\u0131n\u0131 \u00e7izdi.<\/p>\n<p>Muallim kim olursa olsun, d\u00fcnyada hi\u00e7 kimsenin Suriye ve Suriyelileri kendi geleceklerini kendi elleriyle belirleme hakk\u0131ndan menedemeyece\u011fini vurgulad\u0131.<\/p>\n<p>Suriye&#8217;de ter\u00f6rle m\u00fccadelenin ancak ve ancak Suriye h\u00fck\u00fcmeti ile koordinasyon i\u00e7inde olabilece\u011fini belirten Muallim; bu koordinasyon olmaks\u0131z\u0131n bu ba\u011flamda olumlu sonu\u00e7 alman\u0131n m\u00fcmk\u00fcn olmad\u0131\u011f\u0131n\u0131 ifade etti.<\/p>\n<p>Muallim Suriye&#8217;de me\u015fru ve resmi h\u00fck\u00fcmetin onay\u0131 olmaks\u0131z\u0131n Suriye&#8217;nin herhangi bir yerinde yer alacak herhangi bir yabanc\u0131 g\u00fcc\u00fcn i\u015fgal niteli\u011finde olup Suriye&#8217;ye sald\u0131ran d\u00fc\u015fman g\u00fc\u00e7ler say\u0131laca\u011f\u0131n\u0131, BM misak\u0131 ve uluslar aras\u0131 kararlara da ihlal te\u015fkil edece\u011finin alt\u0131n\u0131 \u00e7izdi.<\/p>\n<p>Suriye&#8217;nin vatan topraklar\u0131n\u0131n her kar\u0131\u015f\u0131nda g\u00fcvenlik, istikrar ve egemenli\u011fi sa\u011flama kararl\u0131l\u0131\u011f\u0131 ve azmini bir kez daha vurgulayan Muallim; sa\u011flanan son zaferlerin, nihai \u015fanl\u0131 zaferin yak\u0131n oldu\u011funu m\u00fcjdeleyen kan\u0131tlar oldu\u011funu ifade etti.<\/p>\n<p>T\u00fcrkiye rejimi konusunda ise Muallim; Erdo\u011fan rejiminin Suriye&#8217;de siyasi hedefler u\u011fruna muhtelif isimler alt\u0131nda faaliyet g\u00f6steren ter\u00f6r \u00f6rg\u00fctlere deste\u011fini s\u00fcrd\u00fcrme \u0131srar\u0131n\u0131 sergiledi\u011fine dikkat \u00e7ekti.<\/p>\n<p>https:\/\/www.youtube.com\/watch?v=y4MHtPgtdsc<\/p>\n","protected":false},"excerpt":{"rendered":"<p>NEW YORK \u2013 Ba\u015fbakan Yard\u0131mc\u0131s\u0131 D\u0131\u015fi\u015fleri ve Gurbet\u00e7iler Bakan\u0131 Velid el Muallim New York\u2019ta d\u00fczenlenen BM genel kurulunun 72. D\u00f6nem toplant\u0131lar\u0131nda Suriye ad\u0131na bir konu\u015fma yapt\u0131. Muallim konu\u015fmas\u0131nda; Suriye ordusunun bunca fedakarl\u0131klar\u0131 ve kahramanl\u0131klar\u0131n\u0131n yan\u0131 s\u0131ra halk\u0131n\u0131n \u015fanl\u0131 m\u00fccadelesi ard\u0131ndan vatan\u0131n her kar\u0131\u015f topra\u011f\u0131n\u0131 ter\u00f6rden tamamen temizleyip g\u00fcvenlik ve egemenli\u011fi sa\u011flamaya her zamandan daha \u00e7ok &hellip;<\/p>\n","protected":false},"author":1,"featured_media":125184,"comment_status":"closed","ping_status":"closed","sticky":false,"template":"","format":"standard","meta":{"footnotes":""},"categories":[458,459,17988],"tags":[16772,32496,26370,16591,32497],"class_list":["post-125182","post","type-post","status-publish","format-standard","has-post-thumbnail","","category-dunya1","category-haberler-arap-uluslararasi-politika","category-son-haberler","tag-basbakan-yardimcisi-disisleri-ve-gurbetciler-bakani-velid-el-muallim","tag-bm-genel-kurulunun-72-donem-toplantilarinda","tag-new-york","tag-suriye","tag-suriyenin-krizin"],"_links":{"self":[{"href":"https:\/\/archive.sana.sy\/tr\/index.php?rest_route=\/wp\/v2\/posts\/125182","targetHints":{"allow":["GET"]}}],"collection":[{"href":"https:\/\/archive.sana.sy\/tr\/index.php?rest_route=\/wp\/v2\/posts"}],"about":[{"href":"https:\/\/archive.sana.sy\/tr\/index.php?rest_route=\/wp\/v2\/types\/post"}],"author":[{"embeddable":true,"href":"https:\/\/archive.sana.sy\/tr\/index.php?rest_route=\/wp\/v2\/users\/1"}],"replies":[{"embeddable":true,"href":"https:\/\/archive.sana.sy\/tr\/index.php?rest_route=%2Fwp%2Fv2%2Fcomments&post=125182"}],"version-history":[{"count":0,"href":"https:\/\/archive.sana.sy\/tr\/index.php?rest_route=\/wp\/v2\/posts\/125182\/revisions"}],"wp:featuredmedia":[{"embeddable":true,"href":"https:\/\/archive.sana.sy\/tr\/index.php?rest_route=\/wp\/v2\/media\/125184"}],"wp:attachment":[{"href":"https:\/\/archive.sana.sy\/tr\/index.php?rest_route=%2Fwp%2Fv2%2Fmedia&parent=125182"}],"wp:term":[{"taxonomy":"category","embeddable":true,"href":"https:\/\/archive.sana.sy\/tr\/index.php?rest_route=%2Fwp%2Fv2%2Fcategories&post=125182"},{"taxonomy":"post_tag","embeddable":true,"href":"https:\/\/archive.sana.sy\/tr\/index.php?rest_route=%2Fwp%2Fv2%2Ftags&post=125182"}],"curies":[{"name":"wp","href":"https:\/\/api.w.org\/{rel}","templated":true}]}}