{"id":12527,"date":"2014-10-06T21:28:28","date_gmt":"2014-10-06T18:28:28","guid":{"rendered":"http:\/\/www.sanasyria.org\/tr\/?p=12527"},"modified":"2014-10-06T21:28:28","modified_gmt":"2014-10-06T18:28:28","slug":"lavrov-teror-orgutleri-dis-destek-almadan-katliamlarini-surduremezler","status":"publish","type":"post","link":"https:\/\/archive.sana.sy\/tr\/?p=12527","title":{"rendered":"Lavrov: Ter\u00f6r \u00d6rg\u00fctleri D\u0131\u015f Destek Almadan Katliamlar\u0131n\u0131 S\u00fcrd\u00fcremezler"},"content":{"rendered":"<p>MOSKOVA \u2013 Rusya D\u0131\u015fi\u015fleri Bakan\u0131 Sergey Lavrov; I\u015e\u0130D, el Kaide, \u0130slami Cephe, Nusra Cephesi ve di\u011fer b\u00fct\u00fcn ter\u00f6r \u00f6rg\u00fctlerinin d\u0131\u015f destek olmadan katliamlar\u0131n\u0131 s\u00fcrd\u00fcrmesinin m\u00fcmk\u00fcn olmad\u0131\u011f\u0131n\u0131 dile getirdi.<\/p>\n<p>Finlandiyal\u0131 Mevkida\u015f\u0131 ile Moskova\u2019da bas\u0131n konferanso d\u00fczenleyen Lavrov; \u00fclkesinin,Uluslararas\u0131 G\u00fcvenlik Konseyindeki m\u00fcttefikleriyle birlikte s\u00f6z konusu ter\u00f6r gruplar\u0131na finans ve askeri yard\u0131m kanallar\u0131n\u0131 kapatma \u00e7abas\u0131nda olduklar\u0131n\u0131 ifade ederek G\u00fcvenlik Konseyinin onaylad\u0131\u011f\u0131 ve ter\u00f6r \u00f6rg\u00fctlerine yard\u0131m\u0131n yasaklanmas\u0131 \u00e7a\u011fr\u0131s\u0131 i\u00e7eren\u00a0\u00a0 2170 nolu karar\u0131 hat\u0131rlatt\u0131.<\/p>\n","protected":false},"excerpt":{"rendered":"<p>MOSKOVA \u2013 Rusya D\u0131\u015fi\u015fleri Bakan\u0131 Sergey Lavrov; I\u015e\u0130D, el Kaide, \u0130slami Cephe, Nusra Cephesi ve di\u011fer b\u00fct\u00fcn ter\u00f6r \u00f6rg\u00fctlerinin d\u0131\u015f destek olmadan katliamlar\u0131n\u0131 s\u00fcrd\u00fcrmesinin m\u00fcmk\u00fcn olmad\u0131\u011f\u0131n\u0131 dile getirdi. Finlandiyal\u0131 Mevkida\u015f\u0131 ile Moskova\u2019da bas\u0131n konferanso d\u00fczenleyen Lavrov; \u00fclkesinin,Uluslararas\u0131 G\u00fcvenlik Konseyindeki m\u00fcttefikleriyle birlikte s\u00f6z konusu ter\u00f6r gruplar\u0131na finans ve askeri yard\u0131m kanallar\u0131n\u0131 kapatma \u00e7abas\u0131nda olduklar\u0131n\u0131 ifade ederek &hellip;<\/p>\n","protected":false},"author":1,"featured_media":12528,"comment_status":"closed","ping_status":"closed","sticky":false,"template":"","format":"standard","meta":{"footnotes":""},"categories":[458,459,447],"tags":[3295,3296,3294,3297,3298],"class_list":["post-12527","post","type-post","status-publish","format-standard","has-post-thumbnail","","category-dunya1","category-haberler-arap-uluslararasi-politika","category-politika","tag-el-kaide","tag-islami-cephe","tag-lavrov-teror-orgutleri-dis-destek-almadan-katliamlarini-surduremezler-moskova-rusya-disisleri-bakani-sergey-lavrov-isid","tag-nusra-cephesi-ve-diger-butun-teror-orgutlerinin-dis-destek-olmadan-katliamlarini-surdurmesinin-mumkun-olmadigini-dile-getirdi-finlandiyali-mevkidasi-ile-moskovada-basin-konferanso-duzenleyen","tag-uluslararasi-guvenlik-konseyindeki-muttefikleriyle-birlikte-soz-konusu-teror-gruplarina-finans-ve-askeri-yardim-kanallarini-kapatma-cabasinda-olduklarini-ifade-ederek-guvenlik-konseyinin-onayladigi-ve"],"_links":{"self":[{"href":"https:\/\/archive.sana.sy\/tr\/index.php?rest_route=\/wp\/v2\/posts\/12527","targetHints":{"allow":["GET"]}}],"collection":[{"href":"https:\/\/archive.sana.sy\/tr\/index.php?rest_route=\/wp\/v2\/posts"}],"about":[{"href":"https:\/\/archive.sana.sy\/tr\/index.php?rest_route=\/wp\/v2\/types\/post"}],"author":[{"embeddable":true,"href":"https:\/\/archive.sana.sy\/tr\/index.php?rest_route=\/wp\/v2\/users\/1"}],"replies":[{"embeddable":true,"href":"https:\/\/archive.sana.sy\/tr\/index.php?rest_route=%2Fwp%2Fv2%2Fcomments&post=12527"}],"version-history":[{"count":0,"href":"https:\/\/archive.sana.sy\/tr\/index.php?rest_route=\/wp\/v2\/posts\/12527\/revisions"}],"wp:featuredmedia":[{"embeddable":true,"href":"https:\/\/archive.sana.sy\/tr\/index.php?rest_route=\/wp\/v2\/media\/12528"}],"wp:attachment":[{"href":"https:\/\/archive.sana.sy\/tr\/index.php?rest_route=%2Fwp%2Fv2%2Fmedia&parent=12527"}],"wp:term":[{"taxonomy":"category","embeddable":true,"href":"https:\/\/archive.sana.sy\/tr\/index.php?rest_route=%2Fwp%2Fv2%2Fcategories&post=12527"},{"taxonomy":"post_tag","embeddable":true,"href":"https:\/\/archive.sana.sy\/tr\/index.php?rest_route=%2Fwp%2Fv2%2Ftags&post=12527"}],"curies":[{"name":"wp","href":"https:\/\/api.w.org\/{rel}","templated":true}]}}