{"id":125299,"date":"2017-09-25T15:35:53","date_gmt":"2017-09-25T12:35:53","guid":{"rendered":"http:\/\/www.sana.sy\/tr\/?p=125299"},"modified":"2017-09-25T15:35:53","modified_gmt":"2017-09-25T12:35:53","slug":"halep-il-emniyet-mudurlugunde-bir-kaynak-eli-kanli-teroristlerin-halep-kentinin-furkan-bolgesinde-ogrenci-kampusu-yakinlarini-fuzelerle-hedef-almalari-sonucunda-bir-kadinin-yaralandigini-belirtti","status":"publish","type":"post","link":"https:\/\/archive.sana.sy\/tr\/?p=125299","title":{"rendered":"Halep \u0130l Emniyet M\u00fcd\u00fcrl\u00fc\u011f\u00fcnde bir kaynak; eli kanl\u0131 ter\u00f6ristlerin Halep Kentinin Furkan B\u00f6lgesinde \u00f6\u011frenci kampusu yak\u0131nlar\u0131n\u0131 f\u00fczelerle hedef almalar\u0131 sonucunda bir kad\u0131n\u0131n yaraland\u0131\u011f\u0131n\u0131 belirtti"},"content":{"rendered":"<p>Halep \u0130l Emniyet M\u00fcd\u00fcrl\u00fc\u011f\u00fcnde bir kaynak; eli kanl\u0131 ter\u00f6ristlerin Halep Kentinin Furkan B\u00f6lgesinde \u00f6\u011frenci kampusu yak\u0131nlar\u0131n\u0131 f\u00fczelerle hedef almalar\u0131 sonucunda bir kad\u0131n\u0131n yaraland\u0131\u011f\u0131n\u0131 belirtti<\/p>\n","protected":false},"excerpt":{"rendered":"<p>Halep \u0130l Emniyet M\u00fcd\u00fcrl\u00fc\u011f\u00fcnde bir kaynak; eli kanl\u0131 ter\u00f6ristlerin Halep Kentinin Furkan B\u00f6lgesinde \u00f6\u011frenci kampusu yak\u0131nlar\u0131n\u0131 f\u00fczelerle hedef almalar\u0131 sonucunda bir kad\u0131n\u0131n yaraland\u0131\u011f\u0131n\u0131 belirtti<\/p>\n","protected":false},"author":1,"featured_media":0,"comment_status":"closed","ping_status":"closed","sticky":false,"template":"","format":"standard","meta":{"footnotes":""},"categories":[17991],"tags":[],"class_list":["post-125299","post","type-post","status-publish","format-standard","","category-son-dakika"],"_links":{"self":[{"href":"https:\/\/archive.sana.sy\/tr\/index.php?rest_route=\/wp\/v2\/posts\/125299","targetHints":{"allow":["GET"]}}],"collection":[{"href":"https:\/\/archive.sana.sy\/tr\/index.php?rest_route=\/wp\/v2\/posts"}],"about":[{"href":"https:\/\/archive.sana.sy\/tr\/index.php?rest_route=\/wp\/v2\/types\/post"}],"author":[{"embeddable":true,"href":"https:\/\/archive.sana.sy\/tr\/index.php?rest_route=\/wp\/v2\/users\/1"}],"replies":[{"embeddable":true,"href":"https:\/\/archive.sana.sy\/tr\/index.php?rest_route=%2Fwp%2Fv2%2Fcomments&post=125299"}],"version-history":[{"count":0,"href":"https:\/\/archive.sana.sy\/tr\/index.php?rest_route=\/wp\/v2\/posts\/125299\/revisions"}],"wp:attachment":[{"href":"https:\/\/archive.sana.sy\/tr\/index.php?rest_route=%2Fwp%2Fv2%2Fmedia&parent=125299"}],"wp:term":[{"taxonomy":"category","embeddable":true,"href":"https:\/\/archive.sana.sy\/tr\/index.php?rest_route=%2Fwp%2Fv2%2Fcategories&post=125299"},{"taxonomy":"post_tag","embeddable":true,"href":"https:\/\/archive.sana.sy\/tr\/index.php?rest_route=%2Fwp%2Fv2%2Ftags&post=125299"}],"curies":[{"name":"wp","href":"https:\/\/api.w.org\/{rel}","templated":true}]}}