{"id":125307,"date":"2017-09-26T09:00:53","date_gmt":"2017-09-26T06:00:53","guid":{"rendered":"http:\/\/www.sana.sy\/tr\/?p=125307"},"modified":"2017-09-27T15:47:50","modified_gmt":"2017-09-27T12:47:50","slug":"ingiltere-referandumu-desteklemiyor","status":"publish","type":"post","link":"https:\/\/archive.sana.sy\/tr\/?p=125307","title":{"rendered":"\u0130ngiltere Referandumu Desteklemiyor"},"content":{"rendered":"<p>LONDRA \u2013 \u0130ngiltere D\u0131\u015fi\u015fleri Bakan\u0131 Boris Johnson \u00fclkesinin Irak\u2019\u0131n kuzeyinde \u2018K\u00fcrdistan\u2019 devletinin kurulmas\u0131 referandumunu desteklemedi\u011fini ilan ederken, Irak\u2019\u0131n toprak b\u00fct\u00fcnl\u00fc\u011f\u00fc ve egemenli\u011fine deste\u011fini bir kez daha ifade etti.<\/p>\n<p>Irakl\u0131 Somariye News Ajans\u0131n\u0131n aktard\u0131\u011f\u0131 a\u00e7\u0131klamalar\u0131nda Irak\u2019\u0131n kuzeyinde \u2018K\u00fcrdistan\u2019 b\u00f6lgesel yetkililerin referandumun yap\u0131lmas\u0131na \u0131srar etmeleri ve alternatif sunumlar\u0131 reddetmelerinden dolay\u0131 derin bir \u00fcz\u00fcnt\u00fc duydu\u011funu a\u00e7\u0131klad\u0131.<\/p>\n","protected":false},"excerpt":{"rendered":"<p>LONDRA \u2013 \u0130ngiltere D\u0131\u015fi\u015fleri Bakan\u0131 Boris Johnson \u00fclkesinin Irak\u2019\u0131n kuzeyinde \u2018K\u00fcrdistan\u2019 devletinin kurulmas\u0131 referandumunu desteklemedi\u011fini ilan ederken, Irak\u2019\u0131n toprak b\u00fct\u00fcnl\u00fc\u011f\u00fc ve egemenli\u011fine deste\u011fini bir kez daha ifade etti. Irakl\u0131 Somariye News Ajans\u0131n\u0131n aktard\u0131\u011f\u0131 a\u00e7\u0131klamalar\u0131nda Irak\u2019\u0131n kuzeyinde \u2018K\u00fcrdistan\u2019 b\u00f6lgesel yetkililerin referandumun yap\u0131lmas\u0131na \u0131srar etmeleri ve alternatif sunumlar\u0131 reddetmelerinden dolay\u0131 derin bir \u00fcz\u00fcnt\u00fc duydu\u011funu a\u00e7\u0131klad\u0131.<\/p>\n","protected":false},"author":1,"featured_media":125309,"comment_status":"closed","ping_status":"closed","sticky":false,"template":"","format":"standard","meta":{"footnotes":""},"categories":[458,459,17988],"tags":[23100,19199,25610,32510,32513,32511,32512],"class_list":["post-125307","post","type-post","status-publish","format-standard","has-post-thumbnail","","category-dunya1","category-haberler-arap-uluslararasi-politika","category-son-haberler","tag-boris-johnson","tag-disisleri-bakani","tag-ingiltere","tag-kurdistan","tag-kurt-devleti","tag-kuzey-irak","tag-referandum"],"_links":{"self":[{"href":"https:\/\/archive.sana.sy\/tr\/index.php?rest_route=\/wp\/v2\/posts\/125307","targetHints":{"allow":["GET"]}}],"collection":[{"href":"https:\/\/archive.sana.sy\/tr\/index.php?rest_route=\/wp\/v2\/posts"}],"about":[{"href":"https:\/\/archive.sana.sy\/tr\/index.php?rest_route=\/wp\/v2\/types\/post"}],"author":[{"embeddable":true,"href":"https:\/\/archive.sana.sy\/tr\/index.php?rest_route=\/wp\/v2\/users\/1"}],"replies":[{"embeddable":true,"href":"https:\/\/archive.sana.sy\/tr\/index.php?rest_route=%2Fwp%2Fv2%2Fcomments&post=125307"}],"version-history":[{"count":0,"href":"https:\/\/archive.sana.sy\/tr\/index.php?rest_route=\/wp\/v2\/posts\/125307\/revisions"}],"wp:featuredmedia":[{"embeddable":true,"href":"https:\/\/archive.sana.sy\/tr\/index.php?rest_route=\/wp\/v2\/media\/125309"}],"wp:attachment":[{"href":"https:\/\/archive.sana.sy\/tr\/index.php?rest_route=%2Fwp%2Fv2%2Fmedia&parent=125307"}],"wp:term":[{"taxonomy":"category","embeddable":true,"href":"https:\/\/archive.sana.sy\/tr\/index.php?rest_route=%2Fwp%2Fv2%2Fcategories&post=125307"},{"taxonomy":"post_tag","embeddable":true,"href":"https:\/\/archive.sana.sy\/tr\/index.php?rest_route=%2Fwp%2Fv2%2Ftags&post=125307"}],"curies":[{"name":"wp","href":"https:\/\/api.w.org\/{rel}","templated":true}]}}