{"id":125311,"date":"2017-09-26T08:35:14","date_gmt":"2017-09-26T05:35:14","guid":{"rendered":"http:\/\/www.sana.sy\/tr\/?p=125311"},"modified":"2017-09-26T18:12:10","modified_gmt":"2017-09-26T15:12:10","slug":"turkiye-rejimi-hatasini-duzeltip-terore-destegini-kesmelidir","status":"publish","type":"post","link":"https:\/\/archive.sana.sy\/tr\/?p=125311","title":{"rendered":"T\u00fcrkiye Rejimi Hatas\u0131n\u0131 D\u00fczeltip Ter\u00f6re Deste\u011fini Kesmelidir"},"content":{"rendered":"<p>NEW YORK \u2013 Ba\u015fbakan Yard\u0131mc\u0131s\u0131 D\u0131\u015fi\u015fleri ve Gurbet\u00e7iler Bakan\u0131 Velid Muallim; Suriye ordusunun ter\u00f6re kar\u015f\u0131 zaferleri ve m\u00fcttefiklerin deste\u011fi sayesinde Suriye&#8217;de b\u00fcy\u00fck \u00e7at\u0131\u015fmalar\u0131n sona erme s\u00fcrecine girdi\u011fini, Suriye&#8217;deki krizin son b\u00f6l\u00fcm\u00fcn\u00fcn de sona ermek \u00fczere oldu\u011funu belirtti.<\/p>\n<p>Muallim RT Kanal\u0131n\u0131n d\u00fcn ak\u015fam yay\u0131nlad\u0131\u011f\u0131 r\u00f6portaj\u0131nda; Suriye ordusunun m\u00fcttefik ve dost g\u00fc\u00e7lerle i\u015fbirli\u011fi i\u00e7inde son 3 ay i\u00e7inde Suriye&#8217;de ter\u00f6ristlerin bulunduklar\u0131 b\u00f6lgelerin y\u00fczde 50\u2019sini kurtar\u0131p kontrol\u00fcne ald\u0131\u011f\u0131na dikkat \u00e7ekti.<\/p>\n<p>Suriye&#8217;de ABD g\u00fc\u00e7lerinin bulunmas\u0131 konusunda ise Muallim; bu g\u00fc\u00e7lerin Suriye h\u00fck\u00fcmetinin izni olmaks\u0131z\u0131n uluslar aras\u0131 yasalar ve BMGK kararlar\u0131na ayk\u0131r\u0131 bir \u015fekilde bulunduklar\u0131n\u0131 belirtti. Muallim bu g\u00fc\u00e7lerin Suriye&#8217;den \u00e7\u0131kmalar\u0131 i\u00e7in t\u00fcm diplomatik ve siyasi yollara ba\u015fvurulaca\u011f\u0131n\u0131 ifade ederken, bu yollar\u0131n ba\u015far\u0131s\u0131z olmas\u0131 halinde ba\u015fka y\u00f6ntemlere ba\u015fvurulaca\u011f\u0131n\u0131 s\u00f6yledi. Suriye&#8217;ye sald\u0131ran ve Suriye&#8217;nin egemenli\u011fini ihlal edenlerin onlar olduklar\u0131na dikkat \u00e7eken Muallim; dolay\u0131s\u0131yla Suriye&#8217;nin egemenli\u011fini ve topraklar\u0131n\u0131n selametini korumak i\u00e7in me\u015fru haklara sahip oldu\u011funu, bu haklar\u0131n\u0131 da kullanaca\u011f\u0131n\u0131 s\u00f6zlerine ekledi.<\/p>\n<p>Muallim Irak\u2019\u0131n kuzeyinde \u2018K\u00fcrdistan\u2019 devletinin kurulmas\u0131 y\u00f6n\u00fcnde referandumun yap\u0131lmas\u0131 ve bunun yol a\u00e7aca\u011f\u0131 sonu\u00e7lar konusunda ise; Irak\u2019\u0131n b\u00f6l\u00fcnmesinin Suriye taraf\u0131ndan mutlak bir \u015fekilde reddedildi\u011fini ve hi\u00e7bir \u015fekilde kabul edilemeyece\u011fini vurgulad\u0131.<\/p>\n<p>Suriye&#8217;de bulunan K\u00fcrt yurtta\u015flar\u0131m\u0131z konusunda ise Muallim; Suriyeli K\u00fcrtlerin genelinin Suriye&#8217;den ayr\u0131lmak istemediklerini, sadece vatan topraklar\u0131 dahilinde \u00f6zerk y\u00f6netim istediklerini belirtti. Muallim bunun da g\u00f6r\u00fc\u015fmeler ve diyalog yoluyla m\u00fcmk\u00fcn olabilece\u011fini ifade ederken; \u201cI\u015e\u0130D\u2019in yok edilmesi ard\u0131ndan evlatlar\u0131m\u0131z ve karde\u015flerimiz K\u00fcrt yurtta\u015flar\u0131m\u0131z ile bir araya gelip gelece\u011fe ili\u015fkin ortak kararlar alabiliriz..\u201d ifadesini kulland\u0131.<\/p>\n<p>ABD\u2019nin \u2018Demokratik Suriye G\u00fc\u00e7leri\u2019 adl\u0131 gruplara deste\u011fine de dikkat \u00e7eken Muallim; \u201cAk\u0131ll\u0131 ve mant\u0131ktan yana her insan\u0131n ge\u00e7mi\u015ften ders almas\u0131 gerekiyor. ABD ge\u00e7mi\u015fte oldu\u011fu gibi \u015fimdi ve her zaman kendi \u00e7\u0131karlar\u0131 ve planlar\u0131 do\u011frultusunda partnerleri ve m\u00fcttefiklerinden vazge\u00e7mi\u015ftir. Dolay\u0131s\u0131yla onlarla birlikte olan K\u00fcrt yurtta\u015flar\u0131m\u0131z\u0131n bu ger\u00e7e\u011fi irdelemeleri ve ge\u00e7mi\u015ften ders almalar\u0131n\u0131 umuyoruz..\u201d ifadesini kulland\u0131.<\/p>\n<p>Suriye&#8217;nin kuzeyinde gerilimi azaltma b\u00f6lgeleri anla\u015fmas\u0131n\u0131n hayata ge\u00e7irilmesi i\u00e7in silahl\u0131 gruplar ve ter\u00f6r \u00f6rg\u00fctleri destekleyip y\u00f6nlendiren d\u0131\u015f g\u00fc\u00e7lerin de bunu kabul etmesi gerekti\u011fini ifade eden Muallim; dolay\u0131s\u0131yla d\u0131\u015f g\u00fc\u00e7lerin Suriye&#8217;de provokat\u00f6r ve ter\u00f6r\u00fc destekleyen m\u00fcdahalelere son vermeleri gerekti\u011fini kaydetti.<\/p>\n<p>Astana g\u00f6r\u00fc\u015fmelerinde garant\u00f6r bir devlet olarak T\u00fcrkiye&#8217;nin Suriye&#8217;de mevcut g\u00fc\u00e7leri konusunda Muallim; Suriye&#8217;de me\u015fru ve resmi h\u00fck\u00fcmetin onay ve izni olmaks\u0131z\u0131n vatan topraklar\u0131 \u00fczerinde herhangi bir yabanc\u0131 g\u00fcc\u00fcn gayr\u0131 me\u015fru oldu\u011funun bir kez daha alt\u0131n\u0131 \u00e7izdi.<\/p>\n<p>Muallim Suriye&#8217;nin \u0130dlib\u2019te gerilimi azaltma b\u00f6lgesi anla\u015fmas\u0131n\u0131 kabul etti\u011fini, fakat bunu T\u00fcrkiye rejiminin niyet ve ciddiyeti konusunda bir s\u0131nav niteli\u011finde sayd\u0131\u011f\u0131n\u0131n alt\u0131n\u0131 \u00e7izdi. T\u00fcrkiye&#8217;nin anla\u015fmada silahl\u0131 \u00f6rg\u00fctlerin garant\u00f6r\u00fc oldu\u011funa dikkat \u00e7eken Muallim; onlar\u0131 herhangi bir ihlalde bulunmamalar\u0131na ikna etmesi gerekti\u011fini kaydetti. Muallim Suriye&#8217;nin aksi halde ihlallere gerekti\u011fi ve uygun g\u00f6rd\u00fc\u011f\u00fc gibi kar\u015f\u0131l\u0131k verece\u011finin de alt\u0131n\u0131 \u00e7izdi.<\/p>\n<p>Ba\u015fbakan Yard\u0131mc\u0131s\u0131 D\u0131\u015fi\u015fleri ve Gurbet\u00e7iler Bakan\u0131 Muallim; Suriye ve T\u00fcrkiye aras\u0131ndaki ili\u015fkilerin bu \u015fekilde k\u00f6t\u00fc olmas\u0131n\u0131n nedeninin Suriye de\u011fil de, T\u00fcrkiye rejiminin Suriye konusundaki yanl\u0131\u015f politikas\u0131 oldu\u011funun alt\u0131n\u0131 \u00e7izdi. Muallim T\u00fcrkiye rejiminin Suriye ve Irak konusunda izledi\u011fi yanl\u0131\u015f politika sonucunda K\u00fcrt meselesinin bu hale geldi\u011fine i\u015faret ederken, T\u00fcrkiye rejiminin merkez h\u00fck\u00fcmeti zay\u0131flatmaya \u00e7al\u0131\u015fmakla ciddi bir hata i\u015fledi\u011fini kaydetti.<\/p>\n<p>T\u00fcrkiye&#8217;nin tutumunda bir de\u011fi\u015fimin olmas\u0131 ve hatas\u0131n\u0131 d\u00fczeltmesi i\u00e7in her \u015feyden \u00f6nce ter\u00f6r \u00f6rg\u00fctlere muhtelif t\u00fcr deste\u011fini kesmesi gerekti\u011finin alt\u0131n\u0131 \u00e7izen Muallim; ancak bunun ard\u0131ndan ikili ili\u015fkilerin d\u00fczeltilmesi konusunda T\u00fcrkiye ile ileti\u015fime girmenin m\u00fcmk\u00fcn olabilece\u011fine vurgu yapt\u0131.<\/p>\n<p>\u0130srail&#8217;in konusunda ise Muallim; \u0130srail&#8217;in i\u015fgalci bir devlet olup Arap topraklar\u0131na i\u015fgalini s\u00fcrd\u00fcrd\u00fc\u011f\u00fcn\u00fc, uluslar aras\u0131 kanun ve kararlar\u0131 da ihale etmeye devam etti\u011fini belirtti. Dolay\u0131s\u0131yla onun kimseyi tehdit etme ya da uluslar aras\u0131 kanunlardan veya me\u015fruluktan s\u00f6z etme hakk\u0131na sahip olmad\u0131\u011f\u0131n\u0131 belirten Muallim; \u0130srail&#8217;in Suriye&#8217;ye sald\u0131r\u0131lar\u0131n\u0131n devam etmesi halinde Suriye&#8217;nin kendini savunmada me\u015fru hakk\u0131n\u0131 kullanaca\u011f\u0131n\u0131 ve gere\u011fini yapaca\u011f\u0131n\u0131n alt\u0131n\u0131 \u00e7izdi.<\/p>\n<p>Muallim; \u201c\u015eu an Suriye a\u00e7\u0131s\u0131ndan \u00f6nceli\u011fin I\u015e\u0130D ve Nusra Cephesini yok etmektir. Ondan sonra bakal\u0131m \u0130srail Suriye&#8217;ye sald\u0131r\u0131lar\u0131n\u0131 s\u00fcrd\u00fcrecek mi s\u00fcrd\u00fcrmeyecek mi..\u201d \u015feklinde konu\u015ftu.<\/p>\n<p>Suudi Arabistan ve Katar aras\u0131ndaki K\u00f6rfez Krizinin Suriye&#8217;deki durumlara yans\u0131malar\u0131 konusunda ise Muallim; Suriye a\u00e7\u0131s\u0131ndan \u00f6nemli olan\u0131n, bu devletlerin ter\u00f6r \u00f6rg\u00fctlere deste\u011fini oldu\u011funa dikkat \u00e7ekti. Muallim s\u00f6z konusu deste\u011fin hala devam ediyor oldu\u011funu belirtti.<\/p>\n<p>I\u015e\u0130D\u2019e kar\u015f\u0131 sava\u015fta Suriye ve Irak aras\u0131nda koordinasyon konusunda ise Muallim; g\u00fcn\u00fc birlik olarak s\u0131k\u0131 bir koordinasyonun bulundu\u011funu belirtti. Muallim fakat I\u015e\u0130D\u2019e kar\u015f\u0131 sava\u015fta Suriye ile ABD aras\u0131nda hi\u00e7bir ba\u011flant\u0131 ya da koordinasyonun bulunmad\u0131\u011f\u0131n\u0131 ifade etti.<\/p>\n<p>Suriye ile Avrupa \u00fclkeleri aras\u0131ndaki ili\u015fkiler konusunda ise Muallim; Suriye ile ili\u015fkilerini yeniden ba\u015flatmay\u0131 d\u00fc\u015f\u00fcnen herhangi bir devletin her \u015feyden \u00f6nce ter\u00f6re direk ve dolayl\u0131 muhtelif t\u00fcr deste\u011fini kesmesi gerekti\u011finin bir kez daha alt\u0131n\u0131 \u00e7izdi. Muallim ayn\u0131 zamanda Suriye ve halk\u0131na y\u00f6nelik yapt\u0131r\u0131mlara da son vermesi gerekti\u011fini vurgulad\u0131.<\/p>\n","protected":false},"excerpt":{"rendered":"<p>NEW YORK \u2013 Ba\u015fbakan Yard\u0131mc\u0131s\u0131 D\u0131\u015fi\u015fleri ve Gurbet\u00e7iler Bakan\u0131 Velid Muallim; Suriye ordusunun ter\u00f6re kar\u015f\u0131 zaferleri ve m\u00fcttefiklerin deste\u011fi sayesinde Suriye&#8217;de b\u00fcy\u00fck \u00e7at\u0131\u015fmalar\u0131n sona erme s\u00fcrecine girdi\u011fini, Suriye&#8217;deki krizin son b\u00f6l\u00fcm\u00fcn\u00fcn de sona ermek \u00fczere oldu\u011funu belirtti. Muallim RT Kanal\u0131n\u0131n d\u00fcn ak\u015fam yay\u0131nlad\u0131\u011f\u0131 r\u00f6portaj\u0131nda; Suriye ordusunun m\u00fcttefik ve dost g\u00fc\u00e7lerle i\u015fbirli\u011fi i\u00e7inde son 3 ay &hellip;<\/p>\n","protected":false},"author":1,"featured_media":125312,"comment_status":"closed","ping_status":"closed","sticky":false,"template":"","format":"standard","meta":{"footnotes":""},"categories":[458,459,17988,2554,2555],"tags":[19199,20113,19956,16591,19897,22181,17051],"class_list":["post-125311","post","type-post","status-publish","format-standard","has-post-thumbnail","","category-dunya1","category-haberler-arap-uluslararasi-politika","category-son-haberler","category-suriye-ve-dunya","category-suriye-ve-turkiye","tag-disisleri-bakani","tag-esad","tag-ozerk-yonetim","tag-suriye","tag-suriyeli-kurtler","tag-suriyeliler","tag-velid-muallim"],"_links":{"self":[{"href":"https:\/\/archive.sana.sy\/tr\/index.php?rest_route=\/wp\/v2\/posts\/125311","targetHints":{"allow":["GET"]}}],"collection":[{"href":"https:\/\/archive.sana.sy\/tr\/index.php?rest_route=\/wp\/v2\/posts"}],"about":[{"href":"https:\/\/archive.sana.sy\/tr\/index.php?rest_route=\/wp\/v2\/types\/post"}],"author":[{"embeddable":true,"href":"https:\/\/archive.sana.sy\/tr\/index.php?rest_route=\/wp\/v2\/users\/1"}],"replies":[{"embeddable":true,"href":"https:\/\/archive.sana.sy\/tr\/index.php?rest_route=%2Fwp%2Fv2%2Fcomments&post=125311"}],"version-history":[{"count":0,"href":"https:\/\/archive.sana.sy\/tr\/index.php?rest_route=\/wp\/v2\/posts\/125311\/revisions"}],"wp:featuredmedia":[{"embeddable":true,"href":"https:\/\/archive.sana.sy\/tr\/index.php?rest_route=\/wp\/v2\/media\/125312"}],"wp:attachment":[{"href":"https:\/\/archive.sana.sy\/tr\/index.php?rest_route=%2Fwp%2Fv2%2Fmedia&parent=125311"}],"wp:term":[{"taxonomy":"category","embeddable":true,"href":"https:\/\/archive.sana.sy\/tr\/index.php?rest_route=%2Fwp%2Fv2%2Fcategories&post=125311"},{"taxonomy":"post_tag","embeddable":true,"href":"https:\/\/archive.sana.sy\/tr\/index.php?rest_route=%2Fwp%2Fv2%2Ftags&post=125311"}],"curies":[{"name":"wp","href":"https:\/\/api.w.org\/{rel}","templated":true}]}}