{"id":125317,"date":"2017-09-26T14:03:07","date_gmt":"2017-09-26T11:03:07","guid":{"rendered":"http:\/\/www.sana.sy\/tr\/?p=125317"},"modified":"2017-09-27T15:46:58","modified_gmt":"2017-09-27T12:46:58","slug":"kimyasali-teroristler-kullandi","status":"publish","type":"post","link":"https:\/\/archive.sana.sy\/tr\/?p=125317","title":{"rendered":"Kimyasal\u0131 Ter\u00f6ristler Kulland\u0131"},"content":{"rendered":"<p>MOSKOVA \u2013 Rusya D\u0131\u015fi\u015fleri Bakanl\u0131\u011f\u0131, bir s\u00fcre \u00f6nce \u0130dlib k\u0131rsal\u0131n\u0131n Han \u015eeyhun B\u00f6lgesinde meydana gelen ve bir dizi iddian\u0131n yap\u0131ld\u0131\u011f\u0131 kimyasal sald\u0131r\u0131da ter\u00f6ristlerin sarin gaz\u0131 i\u00e7eren bir bomba d\u00fczene\u011fi kulland\u0131klar\u0131na ili\u015fkin kesin bilgilere sahip oldu\u011funu belirtti.<\/p>\n<p>Rus bakanl\u0131k bug\u00fcn yay\u0131nlad\u0131\u011f\u0131 b\u00fcltende; Han \u015eeyhun\u2019da kimyasal sald\u0131r\u0131n\u0131n gerekti\u011fi gibi incelenip soru\u015fturulmas\u0131 i\u00e7in uluslar aras\u0131 g\u00f6zlemcilerin olay yeri Han \u015eeyhun\u2019a gitmeyi reddetmeleri i\u00e7in hi\u00e7bir ge\u00e7erli nedenin olmad\u0131\u011f\u0131na dikkat \u00e7ekti.<\/p>\n","protected":false},"excerpt":{"rendered":"<p>MOSKOVA \u2013 Rusya D\u0131\u015fi\u015fleri Bakanl\u0131\u011f\u0131, bir s\u00fcre \u00f6nce \u0130dlib k\u0131rsal\u0131n\u0131n Han \u015eeyhun B\u00f6lgesinde meydana gelen ve bir dizi iddian\u0131n yap\u0131ld\u0131\u011f\u0131 kimyasal sald\u0131r\u0131da ter\u00f6ristlerin sarin gaz\u0131 i\u00e7eren bir bomba d\u00fczene\u011fi kulland\u0131klar\u0131na ili\u015fkin kesin bilgilere sahip oldu\u011funu belirtti. Rus bakanl\u0131k bug\u00fcn yay\u0131nlad\u0131\u011f\u0131 b\u00fcltende; Han \u015eeyhun\u2019da kimyasal sald\u0131r\u0131n\u0131n gerekti\u011fi gibi incelenip soru\u015fturulmas\u0131 i\u00e7in uluslar aras\u0131 g\u00f6zlemcilerin olay yeri &hellip;<\/p>\n","protected":false},"author":1,"featured_media":125318,"comment_status":"closed","ping_status":"closed","sticky":false,"template":"","format":"standard","meta":{"footnotes":""},"categories":[458,459,17988],"tags":[2420,4383,1294,28819,25024,16592,16591,19034,22181],"class_list":["post-125317","post","type-post","status-publish","format-standard","has-post-thumbnail","","category-dunya1","category-haberler-arap-uluslararasi-politika","category-son-haberler","tag-disisleri-bakanligi","tag-han-seyhun","tag-idlib","tag-kimyasal-saldiri","tag-kimyasal-silah-saldirisi","tag-rusya","tag-suriye","tag-suriyeli-muhalifler","tag-suriyeliler"],"_links":{"self":[{"href":"https:\/\/archive.sana.sy\/tr\/index.php?rest_route=\/wp\/v2\/posts\/125317","targetHints":{"allow":["GET"]}}],"collection":[{"href":"https:\/\/archive.sana.sy\/tr\/index.php?rest_route=\/wp\/v2\/posts"}],"about":[{"href":"https:\/\/archive.sana.sy\/tr\/index.php?rest_route=\/wp\/v2\/types\/post"}],"author":[{"embeddable":true,"href":"https:\/\/archive.sana.sy\/tr\/index.php?rest_route=\/wp\/v2\/users\/1"}],"replies":[{"embeddable":true,"href":"https:\/\/archive.sana.sy\/tr\/index.php?rest_route=%2Fwp%2Fv2%2Fcomments&post=125317"}],"version-history":[{"count":0,"href":"https:\/\/archive.sana.sy\/tr\/index.php?rest_route=\/wp\/v2\/posts\/125317\/revisions"}],"wp:featuredmedia":[{"embeddable":true,"href":"https:\/\/archive.sana.sy\/tr\/index.php?rest_route=\/wp\/v2\/media\/125318"}],"wp:attachment":[{"href":"https:\/\/archive.sana.sy\/tr\/index.php?rest_route=%2Fwp%2Fv2%2Fmedia&parent=125317"}],"wp:term":[{"taxonomy":"category","embeddable":true,"href":"https:\/\/archive.sana.sy\/tr\/index.php?rest_route=%2Fwp%2Fv2%2Fcategories&post=125317"},{"taxonomy":"post_tag","embeddable":true,"href":"https:\/\/archive.sana.sy\/tr\/index.php?rest_route=%2Fwp%2Fv2%2Ftags&post=125317"}],"curies":[{"name":"wp","href":"https:\/\/api.w.org\/{rel}","templated":true}]}}