{"id":12532,"date":"2014-10-06T21:42:42","date_gmt":"2014-10-06T18:42:42","guid":{"rendered":"http:\/\/www.sanasyria.org\/tr\/?p=12532"},"modified":"2014-10-06T21:42:42","modified_gmt":"2014-10-06T18:42:42","slug":"vatan-savunmasi-41-yil-sonra-ayni-heyecan-ve-motivasyonla-suruyor","status":"publish","type":"post","link":"https:\/\/archive.sana.sy\/tr\/?p=12532","title":{"rendered":"Vatan Savunmas\u0131 41 Y\u0131l Sonra Ayn\u0131 Heyecan ve Motivasyonla S\u00fcr\u00fcyor"},"content":{"rendered":"<p>\u0130DL\u0130B \u2013 \u0130dlib ve Eriha\u2019da Resmi Aktivistler ve Parti temsilcileri bug\u00fcn Ekim Zaferinin 41. Y\u0131ld\u00f6n\u00fcm\u00fc m\u00fcnasebetiyle iki kentte bulunan askeri noktalar\u0131 ziyaret ederek g\u00f6revleri ba\u015f\u0131nda bulunan askerlerimize iyi dileklerini ilettiler.<\/p>\n<p>Te\u015frin Zaferinin Suriye tarihinde bir d\u00f6n\u00fcm noktas\u0131 te\u015fkil etti\u011fini ifade eden aktivistler ve parti temsilcileri Ekim Zaferinin sadece Suriye\u2019nin de\u011fil b\u00fct\u00fcn Ortado\u011fu b\u00f6lgesinin bug\u00fcn\u00fcn\u00fc ve gelece\u011fini \u015fekillendirdi\u011fini vurgulad\u0131lar.<\/p>\n<p>Baas Partisi \u0130dlib \u0130l Ba\u015fkan\u0131 Abd\u00fcsselam el Ahmet; Ekim Zaferi y\u0131ld\u00f6n\u00fcm\u00fcn\u00fcn kahramanl\u0131k ve yi\u011fitlik de\u011ferlerinin ve bu de\u011ferlerin anlamlar\u0131n\u0131n yeniden ve yeniden ya\u015fand\u0131\u011f\u0131 bir g\u00fcn oldu\u011funu dile getirerek bu vatan\u0131n evlatlar\u0131n\u0131n 41 y\u0131l \u00f6nce Siyonist d\u00fc\u015fmana kar\u015f\u0131 oldu\u011fu gibi bug\u00fcn de uluslararas\u0131 destekli ter\u00f6re kar\u015f\u0131 \u015fanl\u0131 bir zafer kazanaca\u011f\u0131na sonsuz g\u00fcven duydu\u011funu beyan etti.<\/p>\n<p>Halk Meclisi \u00dcyesi Safvan el Karbi; Ekim Zaferinin y\u0131l d\u00f6n\u00fcm\u00fcnde vatan evlatlar\u0131 ve kahramanlar\u0131m\u0131z\u0131n g\u00f6zlerinde ter\u00f6re kar\u015f\u0131 ka\u00e7\u0131n\u0131lmaz zaferimizin \u0131\u015f\u0131lt\u0131s\u0131n\u0131 g\u00f6rmenin b\u00fcy\u00fck bir onur ve mutluluk kayna\u011f\u0131 te\u015fkil etti\u011fini dile getirdi.<\/p>\n<p>\u00d6te yandan bu anlaml\u0131 ziyareti b\u00fcy\u00fck mutluluk ve heyecanla kar\u015f\u0131layan kahraman askerlerimiz Te\u015frin Zaferi gibi \u015fanl\u0131 bir zaferin y\u0131l d\u00f6n\u00fcm\u00fcnde vatan savunmas\u0131n\u0131n 41 y\u0131l \u00f6nceki heyecan ve motivasyonla s\u00fcrd\u00fcrmenin kendileri i\u00e7in b\u00fcy\u00fck bir onur oldu\u011funu ifade ettiler.<\/p>\n<div id='gallery-1' class='gallery galleryid-12532 gallery-columns-2 gallery-size-thumbnail'><figure class='gallery-item'>\n\t\t\t<div class='gallery-icon landscape'>\n\t\t\t\t<a href='https:\/\/archive.sana.sy\/tr\/wp-content\/uploads\/2014\/10\/\u0130dlib-2.jpg'><img loading=\"lazy\" decoding=\"async\" width=\"150\" height=\"112\" src=\"https:\/\/archive.sana.sy\/tr\/wp-content\/uploads\/2014\/10\/\u0130dlib-2-150x112.jpg\" class=\"attachment-thumbnail size-thumbnail\" alt=\"\" srcset=\"https:\/\/archive.sana.sy\/tr\/wp-content\/uploads\/2014\/10\/\u0130dlib-2-150x112.jpg 150w, https:\/\/archive.sana.sy\/tr\/wp-content\/uploads\/2014\/10\/\u0130dlib-2-300x225.jpg 300w, https:\/\/archive.sana.sy\/tr\/wp-content\/uploads\/2014\/10\/\u0130dlib-2.jpg 1024w\" sizes=\"auto, (max-width: 150px) 100vw, 150px\" \/><\/a>\n\t\t\t<\/div><\/figure><figure class='gallery-item'>\n\t\t\t<div class='gallery-icon landscape'>\n\t\t\t\t<a href='https:\/\/archive.sana.sy\/tr\/wp-content\/uploads\/2014\/10\/\u0130dlib-3.jpg'><img loading=\"lazy\" decoding=\"async\" width=\"150\" height=\"112\" src=\"https:\/\/archive.sana.sy\/tr\/wp-content\/uploads\/2014\/10\/\u0130dlib-3-150x112.jpg\" class=\"attachment-thumbnail size-thumbnail\" alt=\"\" srcset=\"https:\/\/archive.sana.sy\/tr\/wp-content\/uploads\/2014\/10\/\u0130dlib-3-150x112.jpg 150w, https:\/\/archive.sana.sy\/tr\/wp-content\/uploads\/2014\/10\/\u0130dlib-3-300x225.jpg 300w, https:\/\/archive.sana.sy\/tr\/wp-content\/uploads\/2014\/10\/\u0130dlib-3.jpg 1024w\" sizes=\"auto, (max-width: 150px) 100vw, 150px\" \/><\/a>\n\t\t\t<\/div><\/figure>\n\t\t<\/div>\n\n","protected":false},"excerpt":{"rendered":"<p>\u0130DL\u0130B \u2013 \u0130dlib ve Eriha\u2019da Resmi Aktivistler ve Parti temsilcileri bug\u00fcn Ekim Zaferinin 41. Y\u0131ld\u00f6n\u00fcm\u00fc m\u00fcnasebetiyle iki kentte bulunan askeri noktalar\u0131 ziyaret ederek g\u00f6revleri ba\u015f\u0131nda bulunan askerlerimize iyi dileklerini ilettiler. Te\u015frin Zaferinin Suriye tarihinde bir d\u00f6n\u00fcm noktas\u0131 te\u015fkil etti\u011fini ifade eden aktivistler ve parti temsilcileri Ekim Zaferinin sadece Suriye\u2019nin de\u011fil b\u00fct\u00fcn Ortado\u011fu b\u00f6lgesinin bug\u00fcn\u00fcn\u00fc ve &hellip;<\/p>\n","protected":false},"author":1,"featured_media":12533,"comment_status":"closed","ping_status":"closed","sticky":false,"template":"","format":"standard","meta":{"footnotes":""},"categories":[479,478],"tags":[3299],"class_list":["post-12532","post","type-post","status-publish","format-standard","has-post-thumbnail","","category-haberler-yerel","category-yerel","tag-vatan-savunmasi-41-yil-sonra-ayni-heyecan-ve-motivasyonla-suruyor-idlib-idlib-ve-erihada-resmi-aktivistler-ve-parti-temsilcileri-bugun-ekim-zaferinin-41-yildonumu-munasebetiyle-iki"],"_links":{"self":[{"href":"https:\/\/archive.sana.sy\/tr\/index.php?rest_route=\/wp\/v2\/posts\/12532","targetHints":{"allow":["GET"]}}],"collection":[{"href":"https:\/\/archive.sana.sy\/tr\/index.php?rest_route=\/wp\/v2\/posts"}],"about":[{"href":"https:\/\/archive.sana.sy\/tr\/index.php?rest_route=\/wp\/v2\/types\/post"}],"author":[{"embeddable":true,"href":"https:\/\/archive.sana.sy\/tr\/index.php?rest_route=\/wp\/v2\/users\/1"}],"replies":[{"embeddable":true,"href":"https:\/\/archive.sana.sy\/tr\/index.php?rest_route=%2Fwp%2Fv2%2Fcomments&post=12532"}],"version-history":[{"count":0,"href":"https:\/\/archive.sana.sy\/tr\/index.php?rest_route=\/wp\/v2\/posts\/12532\/revisions"}],"wp:featuredmedia":[{"embeddable":true,"href":"https:\/\/archive.sana.sy\/tr\/index.php?rest_route=\/wp\/v2\/media\/12533"}],"wp:attachment":[{"href":"https:\/\/archive.sana.sy\/tr\/index.php?rest_route=%2Fwp%2Fv2%2Fmedia&parent=12532"}],"wp:term":[{"taxonomy":"category","embeddable":true,"href":"https:\/\/archive.sana.sy\/tr\/index.php?rest_route=%2Fwp%2Fv2%2Fcategories&post=12532"},{"taxonomy":"post_tag","embeddable":true,"href":"https:\/\/archive.sana.sy\/tr\/index.php?rest_route=%2Fwp%2Fv2%2Ftags&post=12532"}],"curies":[{"name":"wp","href":"https:\/\/api.w.org\/{rel}","templated":true}]}}