{"id":125322,"date":"2017-09-26T16:18:13","date_gmt":"2017-09-26T13:18:13","guid":{"rendered":"http:\/\/www.sana.sy\/tr\/?p=125322"},"modified":"2017-09-27T15:45:44","modified_gmt":"2017-09-27T12:45:44","slug":"kacanlarin-arasinda-yine-tehlikeli-ele-baslar-var","status":"publish","type":"post","link":"https:\/\/archive.sana.sy\/tr\/?p=125322","title":{"rendered":"Ka\u00e7anlar\u0131n Aras\u0131nda Yine Tehlikeli Ele Ba\u015flar Var"},"content":{"rendered":"<p>DEYREZZOR \u2013 Suriye ordusunun Deyrezzor\u2019da I\u015e\u0130D\u2019e kar\u015f\u0131 zaferleri g\u00f6lgesinde radikal ter\u00f6r \u00f6rg\u00fct\u00fc saflar\u0131nda firar, korku ve panik devam ediyor.<\/p>\n<p>Yerel kaynaklar son olarak Meyadin Kentinde I\u015e\u0130D saflar\u0131ndan ka\u00e7an \u00e7ok say\u0131da ter\u00f6ristin aras\u0131nda radikal \u00f6rg\u00fct\u00fcn b\u00f6lgede en tehlikeli g\u00fcvenlik sorumlusu olarak bilinen \u2018Ebu Nizar Tayba\u2019 lakapl\u0131 Mudar el Re\u015fid\u2019in bulundu\u011funu aktard\u0131.<\/p>\n<p>Ayn\u0131 kaynaklar radikal ter\u00f6r \u00f6rg\u00fct\u00fcn a\u011f\u0131r kay\u0131plar\u0131 ard\u0131ndan ya\u015fad\u0131\u011f\u0131 panik ve korku kapsam\u0131nda Deyrezzor Kentinin muhtelif b\u00f6lgelerinde sivillere kar\u015f\u0131 dayatmalar\u0131n\u0131 artt\u0131rd\u0131\u011f\u0131n\u0131 ifade ederken, bu b\u00f6lgelerden \u00e7\u0131kmaya \u00e7al\u0131\u015fanlara sald\u0131r\u0131lar\u0131 kapsam\u0131nda bir\u00e7ok vatanda\u015f\u0131 infaz etti\u011fini kaydetti.<\/p>\n","protected":false},"excerpt":{"rendered":"<p>DEYREZZOR \u2013 Suriye ordusunun Deyrezzor\u2019da I\u015e\u0130D\u2019e kar\u015f\u0131 zaferleri g\u00f6lgesinde radikal ter\u00f6r \u00f6rg\u00fct\u00fc saflar\u0131nda firar, korku ve panik devam ediyor. Yerel kaynaklar son olarak Meyadin Kentinde I\u015e\u0130D saflar\u0131ndan ka\u00e7an \u00e7ok say\u0131da ter\u00f6ristin aras\u0131nda radikal \u00f6rg\u00fct\u00fcn b\u00f6lgede en tehlikeli g\u00fcvenlik sorumlusu olarak bilinen \u2018Ebu Nizar Tayba\u2019 lakapl\u0131 Mudar el Re\u015fid\u2019in bulundu\u011funu aktard\u0131. Ayn\u0131 kaynaklar radikal ter\u00f6r \u00f6rg\u00fct\u00fcn &hellip;<\/p>\n","protected":false},"author":1,"featured_media":125323,"comment_status":"closed","ping_status":"closed","sticky":false,"template":"","format":"standard","meta":{"footnotes":""},"categories":[479,17988,478],"tags":[],"class_list":["post-125322","post","type-post","status-publish","format-standard","has-post-thumbnail","","category-haberler-yerel","category-son-haberler","category-yerel"],"_links":{"self":[{"href":"https:\/\/archive.sana.sy\/tr\/index.php?rest_route=\/wp\/v2\/posts\/125322","targetHints":{"allow":["GET"]}}],"collection":[{"href":"https:\/\/archive.sana.sy\/tr\/index.php?rest_route=\/wp\/v2\/posts"}],"about":[{"href":"https:\/\/archive.sana.sy\/tr\/index.php?rest_route=\/wp\/v2\/types\/post"}],"author":[{"embeddable":true,"href":"https:\/\/archive.sana.sy\/tr\/index.php?rest_route=\/wp\/v2\/users\/1"}],"replies":[{"embeddable":true,"href":"https:\/\/archive.sana.sy\/tr\/index.php?rest_route=%2Fwp%2Fv2%2Fcomments&post=125322"}],"version-history":[{"count":0,"href":"https:\/\/archive.sana.sy\/tr\/index.php?rest_route=\/wp\/v2\/posts\/125322\/revisions"}],"wp:featuredmedia":[{"embeddable":true,"href":"https:\/\/archive.sana.sy\/tr\/index.php?rest_route=\/wp\/v2\/media\/125323"}],"wp:attachment":[{"href":"https:\/\/archive.sana.sy\/tr\/index.php?rest_route=%2Fwp%2Fv2%2Fmedia&parent=125322"}],"wp:term":[{"taxonomy":"category","embeddable":true,"href":"https:\/\/archive.sana.sy\/tr\/index.php?rest_route=%2Fwp%2Fv2%2Fcategories&post=125322"},{"taxonomy":"post_tag","embeddable":true,"href":"https:\/\/archive.sana.sy\/tr\/index.php?rest_route=%2Fwp%2Fv2%2Ftags&post=125322"}],"curies":[{"name":"wp","href":"https:\/\/api.w.org\/{rel}","templated":true}]}}