{"id":125326,"date":"2017-09-26T16:10:52","date_gmt":"2017-09-26T13:10:52","guid":{"rendered":"http:\/\/www.sana.sy\/tr\/?p=125326"},"modified":"2017-09-27T15:45:44","modified_gmt":"2017-09-27T12:45:44","slug":"koalisyon-ucaklari-haseke-kirsalini-bombaladi","status":"publish","type":"post","link":"https:\/\/archive.sana.sy\/tr\/?p=125326","title":{"rendered":"Koalisyon U\u00e7aklar\u0131 Haseke K\u0131rsal\u0131n\u0131 Bombalad\u0131"},"content":{"rendered":"<p>HASEKE \u2013 BM misak\u0131 ve BMGK kararlar\u0131na ayk\u0131r\u0131 olarak ABD komutas\u0131nda te\u015fkil edilen ve I\u015e\u0130D\u2019e kar\u015f\u0131 sava\u015ft\u0131\u011f\u0131n\u0131 iddia ederken, bu radikal ter\u00f6r \u00f6rg\u00fcte destek veren uluslar aras\u0131 koalisyon g\u00fc\u00e7leri Haseke k\u0131rsal\u0131nda sivil yerle\u015fim alanlar\u0131n\u0131 bombalayarak yeni bir katliamda bulundu.<\/p>\n<p>Muhtelif medya ara\u00e7lar\u0131 ve yerel kaynaklar aktard\u0131klar\u0131 haberlerde ABD koalisyonuna tabi sava\u015f u\u00e7aklar\u0131n\u0131n Haseke Kentinin yakla\u015f\u0131k 100 km g\u00fcneyinde yer alan Merkede Beldesini bombalad\u0131klar\u0131n\u0131 belirtti. Haberlerde sald\u0131r\u0131 sonucunda aralar\u0131nda 2 kad\u0131n\u0131n bulundu\u011fu 3 Suriyeli vatanda\u015f\u0131n yan\u0131 s\u0131ra daha \u00f6nce Irak\u2019ta I\u015e\u0130D\u2019ten ka\u00e7an 6 ki\u015fiden ibaret Irakl\u0131 bir ailenin tamam\u0131n\u0131n ya\u015fam\u0131n\u0131 yitirdi\u011fine dikkat \u00e7ekildi.<\/p>\n<p>Koalisyon u\u00e7aklar\u0131n\u0131n ayr\u0131ca Haseke k\u0131rsal\u0131n\u0131n Irak s\u0131n\u0131r\u0131 yak\u0131nlar\u0131na d\u00fc\u015fen Heddac, Hneydis ve Hasan Ali k\u00f6ylerinde sivil evleri bombalad\u0131klar\u0131n\u0131n ifade edildi\u011fi haberlerde, sald\u0131r\u0131larda vatanda\u015flar\u0131n evlerinde b\u00fcy\u00fck y\u0131k\u0131mlar\u0131n meydana geldi\u011fi kaydedildi.<\/p>\n","protected":false},"excerpt":{"rendered":"<p>HASEKE \u2013 BM misak\u0131 ve BMGK kararlar\u0131na ayk\u0131r\u0131 olarak ABD komutas\u0131nda te\u015fkil edilen ve I\u015e\u0130D\u2019e kar\u015f\u0131 sava\u015ft\u0131\u011f\u0131n\u0131 iddia ederken, bu radikal ter\u00f6r \u00f6rg\u00fcte destek veren uluslar aras\u0131 koalisyon g\u00fc\u00e7leri Haseke k\u0131rsal\u0131nda sivil yerle\u015fim alanlar\u0131n\u0131 bombalayarak yeni bir katliamda bulundu. Muhtelif medya ara\u00e7lar\u0131 ve yerel kaynaklar aktard\u0131klar\u0131 haberlerde ABD koalisyonuna tabi sava\u015f u\u00e7aklar\u0131n\u0131n Haseke Kentinin yakla\u015f\u0131k &hellip;<\/p>\n","protected":false},"author":1,"featured_media":125327,"comment_status":"closed","ping_status":"closed","sticky":false,"template":"","format":"standard","meta":{"footnotes":""},"categories":[479,17988,478],"tags":[1381,31114,32516,20897,29803,32517],"class_list":["post-125326","post","type-post","status-publish","format-standard","has-post-thumbnail","","category-haberler-yerel","category-son-haberler","category-yerel","tag-abd","tag-abd-komutasinda","tag-bm-misaki","tag-bmgk","tag-iside","tag-merkede-beldesini"],"_links":{"self":[{"href":"https:\/\/archive.sana.sy\/tr\/index.php?rest_route=\/wp\/v2\/posts\/125326","targetHints":{"allow":["GET"]}}],"collection":[{"href":"https:\/\/archive.sana.sy\/tr\/index.php?rest_route=\/wp\/v2\/posts"}],"about":[{"href":"https:\/\/archive.sana.sy\/tr\/index.php?rest_route=\/wp\/v2\/types\/post"}],"author":[{"embeddable":true,"href":"https:\/\/archive.sana.sy\/tr\/index.php?rest_route=\/wp\/v2\/users\/1"}],"replies":[{"embeddable":true,"href":"https:\/\/archive.sana.sy\/tr\/index.php?rest_route=%2Fwp%2Fv2%2Fcomments&post=125326"}],"version-history":[{"count":0,"href":"https:\/\/archive.sana.sy\/tr\/index.php?rest_route=\/wp\/v2\/posts\/125326\/revisions"}],"wp:featuredmedia":[{"embeddable":true,"href":"https:\/\/archive.sana.sy\/tr\/index.php?rest_route=\/wp\/v2\/media\/125327"}],"wp:attachment":[{"href":"https:\/\/archive.sana.sy\/tr\/index.php?rest_route=%2Fwp%2Fv2%2Fmedia&parent=125326"}],"wp:term":[{"taxonomy":"category","embeddable":true,"href":"https:\/\/archive.sana.sy\/tr\/index.php?rest_route=%2Fwp%2Fv2%2Fcategories&post=125326"},{"taxonomy":"post_tag","embeddable":true,"href":"https:\/\/archive.sana.sy\/tr\/index.php?rest_route=%2Fwp%2Fv2%2Ftags&post=125326"}],"curies":[{"name":"wp","href":"https:\/\/api.w.org\/{rel}","templated":true}]}}