{"id":125328,"date":"2017-09-26T16:34:38","date_gmt":"2017-09-26T13:34:38","guid":{"rendered":"http:\/\/www.sana.sy\/tr\/?p=125328"},"modified":"2017-09-27T15:45:36","modified_gmt":"2017-09-27T12:45:36","slug":"yeni-ihlallerinde-hizmet-kurumlari-ve-sivilleri-hedef-aldilar","status":"publish","type":"post","link":"https:\/\/archive.sana.sy\/tr\/?p=125328","title":{"rendered":"Yeni \u0130hlallerinde Hizmet Kurumlar\u0131 ve Sivilleri Hedef Ald\u0131lar"},"content":{"rendered":"<p>\u0130LLER \u2013 Belli ba\u015fl\u0131 devletlerin provokasyon ve deste\u011fi ile hareket eden ter\u00f6r \u00f6rg\u00fctleri son olarak gerilimi azaltma b\u00f6lgeleri anla\u015fmalar\u0131na bulunduklar\u0131 yeni ihlallerde masum sivil vatanda\u015flar\u0131 ve hizmet kurumlar\u0131n\u0131 hedef ald\u0131lar.<\/p>\n<p>Hama Valili\u011finde bir yetkili ter\u00f6ristlerin Astana 6 g\u00f6r\u00fc\u015fmelerinde \u00fcst\u00fcne anla\u015f\u0131lan gerilimi azaltma b\u00f6lgesi anla\u015fmas\u0131na yeni bir ihlalle Hama k\u0131rsal\u0131 Mharde B\u00f6lgesinde Mharde Elektrik Santraline f\u00fczelerle sald\u0131rd\u0131klar\u0131n\u0131 belirtti.<\/p>\n<p>Yetkili \u0130dlib il idari s\u0131n\u0131rlar\u0131na yak\u0131n b\u00f6lgelerden ger\u00e7ekle\u015ftirilen ter\u00f6r sald\u0131r\u0131s\u0131 sonucunda Hama Kentinin 25 km kuzeyinde yer alan elektrik santralinde maddi hasarlar\u0131n meydana geldi\u011fini ifade etti.<\/p>\n<p><span style=\"color: #0000ff\">Birini \u00d6ld\u00fcrd\u00fcler, Di\u011ferini de Ka\u00e7\u0131rd\u0131lar<\/span><\/p>\n<p>Di\u011fer yandan S\u00fcveyda k\u0131rsal\u0131n\u0131n bat\u0131s\u0131nda ter\u00f6ristler g\u00fcneyde gerilimi azaltma b\u00f6lgesi anla\u015fmas\u0131n\u0131 ihlal ederek S\u00fcveyda \u2013 Sule karayolu \u00fczerinde sivil bir arac\u0131n yolunu kestiler.<\/p>\n<p>Yerel kaynaklar ter\u00f6ristlerin ara\u00e7ta bulunan iki sivil vatanda\u015flardan birini \u00f6ld\u00fcrd\u00fcklerini, di\u011ferini de ka\u00e7\u0131rd\u0131klar\u0131n\u0131 aktard\u0131.<\/p>\n<p><span style=\"color: #0000ff\">\u015eAM KIRSALI:<\/span><\/p>\n<p>Bu arada \u015eam \u00c7evre Kent \u0130l Emniyet M\u00fcd\u00fcrl\u00fc\u011f\u00fcnde bir yetkili, Do\u011fu \u011euta\u2019da bulunan ter\u00f6ristlerin bug\u00fcn Haresta Banliy\u00f6s\u00fcn\u00fc 6 f\u00fczeyle hedef ald\u0131klar\u0131n\u0131 belirtirken, f\u00fczelerden birinin \u00d6zel Afak Okuluna d\u00fc\u015ft\u00fc\u011f\u00fcne dikkat \u00e7ekti.<\/p>\n<p>Sald\u0131r\u0131da okul \u00f6\u011frencilerinden bir k\u0131z \u00e7ocu\u011fun yaraland\u0131\u011f\u0131n\u0131 belirten yetkili, okul binas\u0131 ve vatanda\u015flar\u0131n evlerinde ciddi hasarlar meydana geldi\u011fini kaydetti.<\/p>\n","protected":false},"excerpt":{"rendered":"<p>\u0130LLER \u2013 Belli ba\u015fl\u0131 devletlerin provokasyon ve deste\u011fi ile hareket eden ter\u00f6r \u00f6rg\u00fctleri son olarak gerilimi azaltma b\u00f6lgeleri anla\u015fmalar\u0131na bulunduklar\u0131 yeni ihlallerde masum sivil vatanda\u015flar\u0131 ve hizmet kurumlar\u0131n\u0131 hedef ald\u0131lar. Hama Valili\u011finde bir yetkili ter\u00f6ristlerin Astana 6 g\u00f6r\u00fc\u015fmelerinde \u00fcst\u00fcne anla\u015f\u0131lan gerilimi azaltma b\u00f6lgesi anla\u015fmas\u0131na yeni bir ihlalle Hama k\u0131rsal\u0131 Mharde B\u00f6lgesinde Mharde Elektrik Santraline f\u00fczelerle &hellip;<\/p>\n","protected":false},"author":1,"featured_media":125333,"comment_status":"closed","ping_status":"closed","sticky":false,"template":"","format":"standard","meta":{"footnotes":""},"categories":[479,575,17988,478],"tags":[32525,32522,31237,32521,32524,25849,8492,32523,7657],"class_list":["post-125328","post","type-post","status-publish","format-standard","has-post-thumbnail","","category-haberler-yerel","category-olaylar-ve-gercekler","category-son-haberler","category-yerel","tag-6-fuzeyle","tag-elektrik-santralinde","tag-gerilimi-azaltma-bolgesi","tag-hama-kentinin","tag-ozel-afak-okuluna","tag-sam-cevre-kent","tag-sivil","tag-suveyda-sule","tag-teror-orgutleri"],"_links":{"self":[{"href":"https:\/\/archive.sana.sy\/tr\/index.php?rest_route=\/wp\/v2\/posts\/125328","targetHints":{"allow":["GET"]}}],"collection":[{"href":"https:\/\/archive.sana.sy\/tr\/index.php?rest_route=\/wp\/v2\/posts"}],"about":[{"href":"https:\/\/archive.sana.sy\/tr\/index.php?rest_route=\/wp\/v2\/types\/post"}],"author":[{"embeddable":true,"href":"https:\/\/archive.sana.sy\/tr\/index.php?rest_route=\/wp\/v2\/users\/1"}],"replies":[{"embeddable":true,"href":"https:\/\/archive.sana.sy\/tr\/index.php?rest_route=%2Fwp%2Fv2%2Fcomments&post=125328"}],"version-history":[{"count":0,"href":"https:\/\/archive.sana.sy\/tr\/index.php?rest_route=\/wp\/v2\/posts\/125328\/revisions"}],"wp:featuredmedia":[{"embeddable":true,"href":"https:\/\/archive.sana.sy\/tr\/index.php?rest_route=\/wp\/v2\/media\/125333"}],"wp:attachment":[{"href":"https:\/\/archive.sana.sy\/tr\/index.php?rest_route=%2Fwp%2Fv2%2Fmedia&parent=125328"}],"wp:term":[{"taxonomy":"category","embeddable":true,"href":"https:\/\/archive.sana.sy\/tr\/index.php?rest_route=%2Fwp%2Fv2%2Fcategories&post=125328"},{"taxonomy":"post_tag","embeddable":true,"href":"https:\/\/archive.sana.sy\/tr\/index.php?rest_route=%2Fwp%2Fv2%2Ftags&post=125328"}],"curies":[{"name":"wp","href":"https:\/\/api.w.org\/{rel}","templated":true}]}}