{"id":125329,"date":"2017-09-26T16:30:33","date_gmt":"2017-09-26T13:30:33","guid":{"rendered":"http:\/\/www.sana.sy\/tr\/?p=125329"},"modified":"2017-09-27T15:45:44","modified_gmt":"2017-09-27T12:45:44","slug":"universite-kanununda-yeni-duzenlemeler-yapildi","status":"publish","type":"post","link":"https:\/\/archive.sana.sy\/tr\/?p=125329","title":{"rendered":"\u00dcniversite Kanununda Yeni D\u00fczenlemeler Yap\u0131ld\u0131"},"content":{"rendered":"<p>\u015eAM \u2013 Cumhurba\u015fkan\u0131 Be\u015f\u015far el Esad \u00fcniversiteler kanunun iki maddesinin yeniden d\u00fczenlenmesini \u00f6ng\u00f6ren 2017\/282 say\u0131l\u0131 yasama karar\u0131n\u0131 onaylad\u0131.<\/p>\n<p>\u00dcniversiteler kanunun 117. ve 171. maddelerinin yeniden d\u00fczenlenmesini \u00f6ng\u00f6ren yeni yasama karar\u0131, \u00fcniversiteler aras\u0131 ve benzer b\u00f6l\u00fcmler aras\u0131nda ge\u00e7i\u015fi kolayla\u015ft\u0131r\u0131yor.<\/p>\n","protected":false},"excerpt":{"rendered":"<p>\u015eAM \u2013 Cumhurba\u015fkan\u0131 Be\u015f\u015far el Esad \u00fcniversiteler kanunun iki maddesinin yeniden d\u00fczenlenmesini \u00f6ng\u00f6ren 2017\/282 say\u0131l\u0131 yasama karar\u0131n\u0131 onaylad\u0131. \u00dcniversiteler kanunun 117. ve 171. maddelerinin yeniden d\u00fczenlenmesini \u00f6ng\u00f6ren yeni yasama karar\u0131, \u00fcniversiteler aras\u0131 ve benzer b\u00f6l\u00fcmler aras\u0131nda ge\u00e7i\u015fi kolayla\u015ft\u0131r\u0131yor.<\/p>\n","protected":false},"author":1,"featured_media":125331,"comment_status":"closed","ping_status":"closed","sticky":false,"template":"","format":"standard","meta":{"footnotes":""},"categories":[479,605,17988,612,599,478],"tags":[16402,32520,32519,32518],"class_list":["post-125329","post","type-post","status-publish","format-standard","has-post-thumbnail","","category-haberler-yerel","category-sayin-cumhurbaskani","category-son-haberler","category-yasama-kararnameler","category-yasama-ve-kanunlar","category-yerel","tag-cumhurbaskani-bessar-el-esad","tag-iki-maddesinin","tag-kanunun","tag-universiteler"],"_links":{"self":[{"href":"https:\/\/archive.sana.sy\/tr\/index.php?rest_route=\/wp\/v2\/posts\/125329","targetHints":{"allow":["GET"]}}],"collection":[{"href":"https:\/\/archive.sana.sy\/tr\/index.php?rest_route=\/wp\/v2\/posts"}],"about":[{"href":"https:\/\/archive.sana.sy\/tr\/index.php?rest_route=\/wp\/v2\/types\/post"}],"author":[{"embeddable":true,"href":"https:\/\/archive.sana.sy\/tr\/index.php?rest_route=\/wp\/v2\/users\/1"}],"replies":[{"embeddable":true,"href":"https:\/\/archive.sana.sy\/tr\/index.php?rest_route=%2Fwp%2Fv2%2Fcomments&post=125329"}],"version-history":[{"count":0,"href":"https:\/\/archive.sana.sy\/tr\/index.php?rest_route=\/wp\/v2\/posts\/125329\/revisions"}],"wp:featuredmedia":[{"embeddable":true,"href":"https:\/\/archive.sana.sy\/tr\/index.php?rest_route=\/wp\/v2\/media\/125331"}],"wp:attachment":[{"href":"https:\/\/archive.sana.sy\/tr\/index.php?rest_route=%2Fwp%2Fv2%2Fmedia&parent=125329"}],"wp:term":[{"taxonomy":"category","embeddable":true,"href":"https:\/\/archive.sana.sy\/tr\/index.php?rest_route=%2Fwp%2Fv2%2Fcategories&post=125329"},{"taxonomy":"post_tag","embeddable":true,"href":"https:\/\/archive.sana.sy\/tr\/index.php?rest_route=%2Fwp%2Fv2%2Ftags&post=125329"}],"curies":[{"name":"wp","href":"https:\/\/api.w.org\/{rel}","templated":true}]}}