{"id":125335,"date":"2017-09-26T11:40:15","date_gmt":"2017-09-26T08:40:15","guid":{"rendered":"http:\/\/www.sana.sy\/tr\/?p=125335"},"modified":"2017-09-27T13:27:50","modified_gmt":"2017-09-27T10:27:50","slug":"isidin-bombali-aracla-saldiri-girisimi-cokertildi","status":"publish","type":"post","link":"https:\/\/archive.sana.sy\/tr\/?p=125335","title":{"rendered":"I\u015e\u0130D\u2019in Bombal\u0131 Ara\u00e7la Sald\u0131r\u0131 Giri\u015fimi \u00c7\u00f6kertildi"},"content":{"rendered":"<p>\u0130LLER \u2013 Ordu birliklerimiz I\u015e\u0130D\u2019e kar\u015f\u0131 operasyonlar\u0131n\u0131 s\u00fcrd\u00fcrerek bu radikal \u00e7etelerin bug\u00fcn askeri bir mevkie bombal\u0131 ara\u00e7la sald\u0131r\u0131 giri\u015fimini \u00e7\u00f6kertti.<\/p>\n<p><span style=\"color: #0000ff\">DEYREZZOR:<\/span><\/p>\n<p>Askeri bir kaynak ordu birliklerimizin Deyrezzor Kentinin g\u00fcneydo\u011fusu Huveycet Sakir B\u00f6lgesinde I\u015e\u0130D ile \u015fiddetli \u00e7at\u0131\u015fmalara girdiklerini aktar\u0131rken, \u00e7at\u0131\u015fmalarda \u00e7ok say\u0131da ter\u00f6ristin \u00f6ld\u00fcr\u00fcld\u00fc\u011f\u00fcn\u00fc belirtti. Kaynak radikal \u00e7etelerin askeri bir mevkie sald\u0131r\u0131lar\u0131nda bombal\u0131 ara\u00e7 kullanmaya \u00e7al\u0131\u015fmalar\u0131yla arac\u0131n ordu birliklerimiz taraf\u0131ndan hedefe ula\u015fmadan imha edildi\u011fine dikkat \u00e7ekti.<\/p>\n<p>Ordu birliklerimizin kara operasyonlar\u0131na e\u015f zamanl\u0131 olarak top\u00e7u birliklerimiz ve hava g\u00fc\u00e7lerimizin Hatla, Hseyniye ve Huveycet Sakir b\u00f6lgelerine ek olarak Deyrezzor Kentinin Huveyka, kennamat, Hassarat, R\u00fc\u015fdiye, Urdi ve Urfi semtlerinde radikal \u00f6rg\u00fct\u00fcn mevki ve hareketlenmelerini yo\u011fun ate\u015fe tuttuklar\u0131n\u0131 kaydetti.<\/p>\n<p>Ordu birliklerimiz 18 Eyl\u00fclde F\u0131rat Nehrini seyyar k\u00f6pr\u00fclerle ge\u00e7erek nehrin do\u011fu yakas\u0131nda radikal ter\u00f6r \u00f6rg\u00fct\u00fc I\u015e\u0130D\u2019i a\u011f\u0131r kay\u0131plara u\u011frat\u0131p bir\u00e7ok b\u00f6lge ve geni\u015f alanlar\u0131 kurtar\u0131p kontrol\u00fcne ge\u00e7irdi.<\/p>\n<p><span style=\"color: #0000ff\">HOMS:<\/span><\/p>\n<p>Homs \u0130linin do\u011fusunda radikal ter\u00f6r \u00f6rg\u00fct\u00fc I\u015e\u0130D\u2019e kar\u015f\u0131 operasyonlar\u0131n ba\u015far\u0131yla devam etti\u011fini belirten askeri bir kaynak; Cub el Cerrah\u2019\u0131n kuzeydo\u011fusunda yer alan Um el Sus, Harafiy\u015f, Resm el Ernab, Izeyla, Rek, Hvey\u015f ve Saffiye belde ve k\u00f6ylerini radikal ter\u00f6ristlerden kurtar\u0131p kontrollerine ald\u0131klar\u0131n\u0131 belirtti.<\/p>\n<p>Kaynak aralar\u0131nda bariz tehlikeli isimlerin bulundu\u011fu y\u00fcksek say\u0131da ter\u00f6ristin \u00f6ld\u00fcr\u00fcld\u00fc\u011f\u00fc operasyonlarda I\u015e\u0130D\u2019e ait ara\u00e7 ve silahlara el konuldu\u011funu s\u00f6yledi.<\/p>\n","protected":false},"excerpt":{"rendered":"<p>\u0130LLER \u2013 Ordu birliklerimiz I\u015e\u0130D\u2019e kar\u015f\u0131 operasyonlar\u0131n\u0131 s\u00fcrd\u00fcrerek bu radikal \u00e7etelerin bug\u00fcn askeri bir mevkie bombal\u0131 ara\u00e7la sald\u0131r\u0131 giri\u015fimini \u00e7\u00f6kertti. DEYREZZOR: Askeri bir kaynak ordu birliklerimizin Deyrezzor Kentinin g\u00fcneydo\u011fusu Huveycet Sakir B\u00f6lgesinde I\u015e\u0130D ile \u015fiddetli \u00e7at\u0131\u015fmalara girdiklerini aktar\u0131rken, \u00e7at\u0131\u015fmalarda \u00e7ok say\u0131da ter\u00f6ristin \u00f6ld\u00fcr\u00fcld\u00fc\u011f\u00fcn\u00fc belirtti. Kaynak radikal \u00e7etelerin askeri bir mevkie sald\u0131r\u0131lar\u0131nda bombal\u0131 ara\u00e7 kullanmaya \u00e7al\u0131\u015fmalar\u0131yla &hellip;<\/p>\n","protected":false},"author":1,"featured_media":125337,"comment_status":"closed","ping_status":"closed","sticky":false,"template":"","format":"standard","meta":{"footnotes":""},"categories":[479,575,17988,478],"tags":[32528,2494,32526,16436,1293,31498,2318,32527,1247,31583,28627],"class_list":["post-125335","post","type-post","status-publish","format-standard","has-post-thumbnail","","category-haberler-yerel","category-olaylar-ve-gercekler","category-son-haberler","category-yerel","tag-bariz-tehlikeli-isimlerin","tag-deyrezzor","tag-deyrezzor-kentinin-guneydogusu","tag-hava-guclerimizin","tag-homs","tag-homs-ilinin-dogusunda","tag-isid","tag-operasyonlarina","tag-ordu-birliklerimizin","tag-radikal","tag-teror-orgutu"],"_links":{"self":[{"href":"https:\/\/archive.sana.sy\/tr\/index.php?rest_route=\/wp\/v2\/posts\/125335","targetHints":{"allow":["GET"]}}],"collection":[{"href":"https:\/\/archive.sana.sy\/tr\/index.php?rest_route=\/wp\/v2\/posts"}],"about":[{"href":"https:\/\/archive.sana.sy\/tr\/index.php?rest_route=\/wp\/v2\/types\/post"}],"author":[{"embeddable":true,"href":"https:\/\/archive.sana.sy\/tr\/index.php?rest_route=\/wp\/v2\/users\/1"}],"replies":[{"embeddable":true,"href":"https:\/\/archive.sana.sy\/tr\/index.php?rest_route=%2Fwp%2Fv2%2Fcomments&post=125335"}],"version-history":[{"count":0,"href":"https:\/\/archive.sana.sy\/tr\/index.php?rest_route=\/wp\/v2\/posts\/125335\/revisions"}],"wp:featuredmedia":[{"embeddable":true,"href":"https:\/\/archive.sana.sy\/tr\/index.php?rest_route=\/wp\/v2\/media\/125337"}],"wp:attachment":[{"href":"https:\/\/archive.sana.sy\/tr\/index.php?rest_route=%2Fwp%2Fv2%2Fmedia&parent=125335"}],"wp:term":[{"taxonomy":"category","embeddable":true,"href":"https:\/\/archive.sana.sy\/tr\/index.php?rest_route=%2Fwp%2Fv2%2Fcategories&post=125335"},{"taxonomy":"post_tag","embeddable":true,"href":"https:\/\/archive.sana.sy\/tr\/index.php?rest_route=%2Fwp%2Fv2%2Ftags&post=125335"}],"curies":[{"name":"wp","href":"https:\/\/api.w.org\/{rel}","templated":true}]}}