{"id":125441,"date":"2017-09-28T12:50:45","date_gmt":"2017-09-28T09:50:45","guid":{"rendered":"http:\/\/www.sana.sy\/tr\/?p=125441"},"modified":"2017-09-29T14:51:40","modified_gmt":"2017-09-29T11:51:40","slug":"yerlesim-alanlarina-fuze-saldirilari-devam-ediyor-2","status":"publish","type":"post","link":"https:\/\/archive.sana.sy\/tr\/?p=125441","title":{"rendered":"Yerle\u015fim Alanlar\u0131na F\u00fcze Sald\u0131r\u0131lar\u0131 Devam Ediyor"},"content":{"rendered":"<p>HALEP \u2013 Gerilimi azaltma b\u00f6lgeleri ve \u00e7at\u0131\u015fmalar\u0131 durdurma anla\u015fmalar\u0131na ihlallerini s\u00fcrd\u00fcren ter\u00f6r \u00f6rg\u00fctleri bug\u00fcn de sivil yerle\u015fim alanlar\u0131na sald\u0131rd\u0131.<\/p>\n<p>Halep \u0130l Emniyet M\u00fcd\u00fcrl\u00fc\u011f\u00fcnde bir yetkili Halep Kentinin bat\u0131 kenarlar\u0131nda bulunan ve d\u0131\u015f g\u00fc\u00e7lere tabi olarak faaliyet g\u00f6steren ter\u00f6ristlerin kentin yerle\u015fim alanlar\u0131ndan Mukambo ve \u015eehba semtlerini f\u00fczelerle hedef ald\u0131klar\u0131n\u0131 aktard\u0131. Yetkili ter\u00f6r f\u00fczelerinde ikisi \u00e7ocuk 3 vatanda\u015f\u0131n yaraland\u0131\u011f\u0131n\u0131 belirtti.<\/p>\n","protected":false},"excerpt":{"rendered":"<p>HALEP \u2013 Gerilimi azaltma b\u00f6lgeleri ve \u00e7at\u0131\u015fmalar\u0131 durdurma anla\u015fmalar\u0131na ihlallerini s\u00fcrd\u00fcren ter\u00f6r \u00f6rg\u00fctleri bug\u00fcn de sivil yerle\u015fim alanlar\u0131na sald\u0131rd\u0131. Halep \u0130l Emniyet M\u00fcd\u00fcrl\u00fc\u011f\u00fcnde bir yetkili Halep Kentinin bat\u0131 kenarlar\u0131nda bulunan ve d\u0131\u015f g\u00fc\u00e7lere tabi olarak faaliyet g\u00f6steren ter\u00f6ristlerin kentin yerle\u015fim alanlar\u0131ndan Mukambo ve \u015eehba semtlerini f\u00fczelerle hedef ald\u0131klar\u0131n\u0131 aktard\u0131. Yetkili ter\u00f6r f\u00fczelerinde ikisi \u00e7ocuk 3 &hellip;<\/p>\n","protected":false},"author":1,"featured_media":125443,"comment_status":"closed","ping_status":"closed","sticky":false,"template":"","format":"standard","meta":{"footnotes":""},"categories":[479,575,17988,478],"tags":[17274,1132,18174,19034,22181],"class_list":["post-125441","post","type-post","status-publish","format-standard","has-post-thumbnail","","category-haberler-yerel","category-olaylar-ve-gercekler","category-son-haberler","category-yerel","tag-fuze-saldirisi","tag-halep","tag-sivillere-saldiri","tag-suriyeli-muhalifler","tag-suriyeliler"],"_links":{"self":[{"href":"https:\/\/archive.sana.sy\/tr\/index.php?rest_route=\/wp\/v2\/posts\/125441","targetHints":{"allow":["GET"]}}],"collection":[{"href":"https:\/\/archive.sana.sy\/tr\/index.php?rest_route=\/wp\/v2\/posts"}],"about":[{"href":"https:\/\/archive.sana.sy\/tr\/index.php?rest_route=\/wp\/v2\/types\/post"}],"author":[{"embeddable":true,"href":"https:\/\/archive.sana.sy\/tr\/index.php?rest_route=\/wp\/v2\/users\/1"}],"replies":[{"embeddable":true,"href":"https:\/\/archive.sana.sy\/tr\/index.php?rest_route=%2Fwp%2Fv2%2Fcomments&post=125441"}],"version-history":[{"count":0,"href":"https:\/\/archive.sana.sy\/tr\/index.php?rest_route=\/wp\/v2\/posts\/125441\/revisions"}],"wp:featuredmedia":[{"embeddable":true,"href":"https:\/\/archive.sana.sy\/tr\/index.php?rest_route=\/wp\/v2\/media\/125443"}],"wp:attachment":[{"href":"https:\/\/archive.sana.sy\/tr\/index.php?rest_route=%2Fwp%2Fv2%2Fmedia&parent=125441"}],"wp:term":[{"taxonomy":"category","embeddable":true,"href":"https:\/\/archive.sana.sy\/tr\/index.php?rest_route=%2Fwp%2Fv2%2Fcategories&post=125441"},{"taxonomy":"post_tag","embeddable":true,"href":"https:\/\/archive.sana.sy\/tr\/index.php?rest_route=%2Fwp%2Fv2%2Ftags&post=125441"}],"curies":[{"name":"wp","href":"https:\/\/api.w.org\/{rel}","templated":true}]}}