{"id":125442,"date":"2017-09-28T13:02:08","date_gmt":"2017-09-28T10:02:08","guid":{"rendered":"http:\/\/www.sana.sy\/tr\/?p=125442"},"modified":"2017-09-28T13:12:29","modified_gmt":"2017-09-28T10:12:29","slug":"halk-meclisi-bugun-meclis-baskan-yardimcisi-necdet-anzur-baskanliginda-duzenledigi-toplantida-hammud-el-sabbagi-meclis-baskani-olarak-secti","status":"publish","type":"post","link":"https:\/\/archive.sana.sy\/tr\/?p=125442","title":{"rendered":"Halk Meclisi bug\u00fcn meclis ba\u015fkan yard\u0131mc\u0131s\u0131 Necdet Anzur Ba\u015fkanl\u0131\u011f\u0131nda d\u00fczenledi\u011fi toplant\u0131da Hammud el Sabba\u011f\u2019\u0131 meclis ba\u015fkan\u0131 olarak se\u00e7ti"},"content":{"rendered":"<p>Halk Meclisi bug\u00fcn meclis ba\u015fkan yard\u0131mc\u0131s\u0131 Necdet Anzur Ba\u015fkanl\u0131\u011f\u0131nda d\u00fczenledi\u011fi toplant\u0131da Hammuda el Sabba\u011f\u2019\u0131 meclis ba\u015fkan\u0131 olarak se\u00e7ti<\/p>\n","protected":false},"excerpt":{"rendered":"<p>Halk Meclisi bug\u00fcn meclis ba\u015fkan yard\u0131mc\u0131s\u0131 Necdet Anzur Ba\u015fkanl\u0131\u011f\u0131nda d\u00fczenledi\u011fi toplant\u0131da Hammuda el Sabba\u011f\u2019\u0131 meclis ba\u015fkan\u0131 olarak se\u00e7ti<\/p>\n","protected":false},"author":1,"featured_media":0,"comment_status":"closed","ping_status":"closed","sticky":false,"template":"","format":"standard","meta":{"footnotes":""},"categories":[17991],"tags":[],"class_list":["post-125442","post","type-post","status-publish","format-standard","","category-son-dakika"],"_links":{"self":[{"href":"https:\/\/archive.sana.sy\/tr\/index.php?rest_route=\/wp\/v2\/posts\/125442","targetHints":{"allow":["GET"]}}],"collection":[{"href":"https:\/\/archive.sana.sy\/tr\/index.php?rest_route=\/wp\/v2\/posts"}],"about":[{"href":"https:\/\/archive.sana.sy\/tr\/index.php?rest_route=\/wp\/v2\/types\/post"}],"author":[{"embeddable":true,"href":"https:\/\/archive.sana.sy\/tr\/index.php?rest_route=\/wp\/v2\/users\/1"}],"replies":[{"embeddable":true,"href":"https:\/\/archive.sana.sy\/tr\/index.php?rest_route=%2Fwp%2Fv2%2Fcomments&post=125442"}],"version-history":[{"count":0,"href":"https:\/\/archive.sana.sy\/tr\/index.php?rest_route=\/wp\/v2\/posts\/125442\/revisions"}],"wp:attachment":[{"href":"https:\/\/archive.sana.sy\/tr\/index.php?rest_route=%2Fwp%2Fv2%2Fmedia&parent=125442"}],"wp:term":[{"taxonomy":"category","embeddable":true,"href":"https:\/\/archive.sana.sy\/tr\/index.php?rest_route=%2Fwp%2Fv2%2Fcategories&post=125442"},{"taxonomy":"post_tag","embeddable":true,"href":"https:\/\/archive.sana.sy\/tr\/index.php?rest_route=%2Fwp%2Fv2%2Ftags&post=125442"}],"curies":[{"name":"wp","href":"https:\/\/api.w.org\/{rel}","templated":true}]}}