{"id":125445,"date":"2017-09-28T13:11:59","date_gmt":"2017-09-28T10:11:59","guid":{"rendered":"http:\/\/www.sana.sy\/tr\/?p=125445"},"modified":"2017-09-29T14:51:26","modified_gmt":"2017-09-29T11:51:26","slug":"halk-meclisi-yeni-baskanini-secti","status":"publish","type":"post","link":"https:\/\/archive.sana.sy\/tr\/?p=125445","title":{"rendered":"Halk Meclisi Yeni Ba\u015fkan\u0131n\u0131 Se\u00e7ti"},"content":{"rendered":"<p>\u015eAM \u2013 Halk Meclisi bug\u00fcn meclis ba\u015fkan yard\u0131mc\u0131s\u0131 Necdet Anzur Ba\u015fkanl\u0131\u011f\u0131nda d\u00fczenledi\u011fi toplant\u0131da Hammuda el Sabba\u011f\u2019\u0131 meclis ba\u015fkan\u0131 olarak se\u00e7ti.<\/p>\n<p>Halk Meclisi t\u00fcz\u00fc\u011f\u00fcn\u00fcn 15. Maddesinin 2. F\u0131kras\u0131 \u00e7er\u00e7evesinde meclis ba\u015fkanl\u0131\u011f\u0131na Nidal Hmeydi, Ahmet Muri, Hammuda Sabba\u011f ve Vaddah Murad aday olmu\u015flard\u0131.<\/p>\n<p>Milletvekilleri aras\u0131nda yap\u0131lan se\u00e7imle Sabba\u011f\u2019\u0131n yeni meclis ba\u015fkan\u0131 se\u00e7ilmesi ard\u0131ndan milletvekilleri oturum g\u00fcndemini tart\u0131\u015fmaya devam etti.<\/p>\n<p>Meclis 20 Temmuz tarihinde d\u00fczenledi\u011fi toplant\u0131da \u00e7o\u011funluk oyla Hediye Abbas\u2019\u0131 meclis ba\u015fkanl\u0131\u011f\u0131 g\u00f6revinden alan bir karar alm\u0131\u015ft\u0131.<\/p>\n","protected":false},"excerpt":{"rendered":"<p>\u015eAM \u2013 Halk Meclisi bug\u00fcn meclis ba\u015fkan yard\u0131mc\u0131s\u0131 Necdet Anzur Ba\u015fkanl\u0131\u011f\u0131nda d\u00fczenledi\u011fi toplant\u0131da Hammuda el Sabba\u011f\u2019\u0131 meclis ba\u015fkan\u0131 olarak se\u00e7ti. Halk Meclisi t\u00fcz\u00fc\u011f\u00fcn\u00fcn 15. Maddesinin 2. F\u0131kras\u0131 \u00e7er\u00e7evesinde meclis ba\u015fkanl\u0131\u011f\u0131na Nidal Hmeydi, Ahmet Muri, Hammuda Sabba\u011f ve Vaddah Murad aday olmu\u015flard\u0131. Milletvekilleri aras\u0131nda yap\u0131lan se\u00e7imle Sabba\u011f\u2019\u0131n yeni meclis ba\u015fkan\u0131 se\u00e7ilmesi ard\u0131ndan milletvekilleri oturum g\u00fcndemini tart\u0131\u015fmaya &hellip;<\/p>\n","protected":false},"author":1,"featured_media":125447,"comment_status":"closed","ping_status":"closed","sticky":false,"template":"","format":"standard","meta":{"footnotes":""},"categories":[479,17988,478],"tags":[16838,20688,32556,25938,16591,24013,22181],"class_list":["post-125445","post","type-post","status-publish","format-standard","has-post-thumbnail","","category-haberler-yerel","category-son-haberler","category-yerel","tag-halk-meclisi","tag-halk-meclisi-baskani","tag-hammuda-sabbag","tag-parlamento","tag-suriye","tag-suriye-parlamentosu","tag-suriyeliler"],"_links":{"self":[{"href":"https:\/\/archive.sana.sy\/tr\/index.php?rest_route=\/wp\/v2\/posts\/125445","targetHints":{"allow":["GET"]}}],"collection":[{"href":"https:\/\/archive.sana.sy\/tr\/index.php?rest_route=\/wp\/v2\/posts"}],"about":[{"href":"https:\/\/archive.sana.sy\/tr\/index.php?rest_route=\/wp\/v2\/types\/post"}],"author":[{"embeddable":true,"href":"https:\/\/archive.sana.sy\/tr\/index.php?rest_route=\/wp\/v2\/users\/1"}],"replies":[{"embeddable":true,"href":"https:\/\/archive.sana.sy\/tr\/index.php?rest_route=%2Fwp%2Fv2%2Fcomments&post=125445"}],"version-history":[{"count":0,"href":"https:\/\/archive.sana.sy\/tr\/index.php?rest_route=\/wp\/v2\/posts\/125445\/revisions"}],"wp:featuredmedia":[{"embeddable":true,"href":"https:\/\/archive.sana.sy\/tr\/index.php?rest_route=\/wp\/v2\/media\/125447"}],"wp:attachment":[{"href":"https:\/\/archive.sana.sy\/tr\/index.php?rest_route=%2Fwp%2Fv2%2Fmedia&parent=125445"}],"wp:term":[{"taxonomy":"category","embeddable":true,"href":"https:\/\/archive.sana.sy\/tr\/index.php?rest_route=%2Fwp%2Fv2%2Fcategories&post=125445"},{"taxonomy":"post_tag","embeddable":true,"href":"https:\/\/archive.sana.sy\/tr\/index.php?rest_route=%2Fwp%2Fv2%2Ftags&post=125445"}],"curies":[{"name":"wp","href":"https:\/\/api.w.org\/{rel}","templated":true}]}}