{"id":125452,"date":"2017-09-28T13:45:18","date_gmt":"2017-09-28T10:45:18","guid":{"rendered":"http:\/\/www.sana.sy\/tr\/?p=125452"},"modified":"2017-09-29T14:51:24","modified_gmt":"2017-09-29T11:51:24","slug":"askeri-iskan-kurumu-gelistiriliyor","status":"publish","type":"post","link":"https:\/\/archive.sana.sy\/tr\/?p=125452","title":{"rendered":"Askeri \u0130skan Kurumu Geli\u015ftiriliyor"},"content":{"rendered":"<p>\u015eAM \u2013 Ba\u015fbakan \u0130mad Hamis ba\u015fkanl\u0131\u011f\u0131nda bug\u00fcn d\u00fczenlenen i\u015f toplant\u0131s\u0131nda; t\u00fcm illerde yap\u0131 ve in\u015faat sekt\u00f6r\u00fcn\u00fcn en \u00f6nemli kamu kurumu olmas\u0131 itibar\u0131yla Askeri \u0130skan Kurumu ve \u00e7al\u0131\u015fmalar\u0131n\u0131 geli\u015ftirmesini ama\u00e7layan kapsaml\u0131 bir plan\u0131n ana ba\u015fl\u0131klar\u0131n\u0131 belirledi.<\/p>\n<p>Kurumun i\u00e7 t\u00fcz\u00fc\u011f\u00fc, d\u00fczenlemeleri, mali ve idari yap\u0131s\u0131n\u0131n geli\u015ftirilmesini \u00f6ng\u00f6ren planda, m\u00fclkiyetindeki b\u00fcy\u00fck altyap\u0131y\u0131 uygun ve do\u011fru bir \u015fekilde yat\u0131r\u0131mlarda kullanmay\u0131 da \u00f6ng\u00f6r\u00fcyor.<\/p>\n<p>Kurumsal yap\u0131n\u0131n yeniden g\u00f6zden ge\u00e7irilip gerekli d\u00fczeltmelerin yap\u0131laca\u011f\u0131 planda; 23 bin personeli olan bu kurumun menkul ve gayr\u0131 menkul mallar\u0131 da g\u00f6zden ge\u00e7iriliyor.<\/p>\n<p>Kurumun prefabrik konut \u00fcretimini s\u00fcrd\u00fcrmesi gere\u011fine dikkat \u00e7ekilen toplant\u0131da; ticari ve yerle\u015fim ama\u00e7l\u0131 konutsal \u00e7al\u0131\u015fmalar\u0131n\u0131 da yo\u011funla\u015ft\u0131rmas\u0131 \u00f6nemine vurgu yap\u0131ld\u0131.<\/p>\n","protected":false},"excerpt":{"rendered":"<p>\u015eAM \u2013 Ba\u015fbakan \u0130mad Hamis ba\u015fkanl\u0131\u011f\u0131nda bug\u00fcn d\u00fczenlenen i\u015f toplant\u0131s\u0131nda; t\u00fcm illerde yap\u0131 ve in\u015faat sekt\u00f6r\u00fcn\u00fcn en \u00f6nemli kamu kurumu olmas\u0131 itibar\u0131yla Askeri \u0130skan Kurumu ve \u00e7al\u0131\u015fmalar\u0131n\u0131 geli\u015ftirmesini ama\u00e7layan kapsaml\u0131 bir plan\u0131n ana ba\u015fl\u0131klar\u0131n\u0131 belirledi. Kurumun i\u00e7 t\u00fcz\u00fc\u011f\u00fc, d\u00fczenlemeleri, mali ve idari yap\u0131s\u0131n\u0131n geli\u015ftirilmesini \u00f6ng\u00f6ren planda, m\u00fclkiyetindeki b\u00fcy\u00fck altyap\u0131y\u0131 uygun ve do\u011fru bir \u015fekilde yat\u0131r\u0131mlarda &hellip;<\/p>\n","protected":false},"author":1,"featured_media":125458,"comment_status":"closed","ping_status":"closed","sticky":false,"template":"","format":"standard","meta":{"footnotes":""},"categories":[479,17988,478],"tags":[21934,31792,16591,24600,22181,29229],"class_list":["post-125452","post","type-post","status-publish","format-standard","has-post-thumbnail","","category-haberler-yerel","category-son-haberler","category-yerel","tag-imad-hamis","tag-iskan-kurumu","tag-suriye","tag-suriye-basbakani","tag-suriyeliler","tag-yerlesim-konutlari"],"_links":{"self":[{"href":"https:\/\/archive.sana.sy\/tr\/index.php?rest_route=\/wp\/v2\/posts\/125452","targetHints":{"allow":["GET"]}}],"collection":[{"href":"https:\/\/archive.sana.sy\/tr\/index.php?rest_route=\/wp\/v2\/posts"}],"about":[{"href":"https:\/\/archive.sana.sy\/tr\/index.php?rest_route=\/wp\/v2\/types\/post"}],"author":[{"embeddable":true,"href":"https:\/\/archive.sana.sy\/tr\/index.php?rest_route=\/wp\/v2\/users\/1"}],"replies":[{"embeddable":true,"href":"https:\/\/archive.sana.sy\/tr\/index.php?rest_route=%2Fwp%2Fv2%2Fcomments&post=125452"}],"version-history":[{"count":0,"href":"https:\/\/archive.sana.sy\/tr\/index.php?rest_route=\/wp\/v2\/posts\/125452\/revisions"}],"wp:featuredmedia":[{"embeddable":true,"href":"https:\/\/archive.sana.sy\/tr\/index.php?rest_route=\/wp\/v2\/media\/125458"}],"wp:attachment":[{"href":"https:\/\/archive.sana.sy\/tr\/index.php?rest_route=%2Fwp%2Fv2%2Fmedia&parent=125452"}],"wp:term":[{"taxonomy":"category","embeddable":true,"href":"https:\/\/archive.sana.sy\/tr\/index.php?rest_route=%2Fwp%2Fv2%2Fcategories&post=125452"},{"taxonomy":"post_tag","embeddable":true,"href":"https:\/\/archive.sana.sy\/tr\/index.php?rest_route=%2Fwp%2Fv2%2Ftags&post=125452"}],"curies":[{"name":"wp","href":"https:\/\/api.w.org\/{rel}","templated":true}]}}