{"id":125457,"date":"2017-09-28T12:00:50","date_gmt":"2017-09-28T09:00:50","guid":{"rendered":"http:\/\/www.sana.sy\/tr\/?p=125457"},"modified":"2017-09-29T14:52:40","modified_gmt":"2017-09-29T11:52:40","slug":"haseke-tiyatrosu-ve-halep-folkloru-tunusta-sergileniyor","status":"publish","type":"post","link":"https:\/\/archive.sana.sy\/tr\/?p=125457","title":{"rendered":"Haseke Tiyatrosu ve Halep Folkloru Tunus\u2019ta Sergileniyor"},"content":{"rendered":"<p>TUNUS \u2013 Tunus\u2019ta d\u00fczenlenen Suriye K\u00fclt\u00fcr Haftas\u0131n\u0131n ikinci g\u00fcn\u00fcnde Haseke Tiyatro Ekibinin oyunu ve Halep Folkloru sergilendi.<\/p>\n<p><a href=\"http:\/\/www.sana.sy\/tr\/wp-content\/uploads\/2017\/09\/photo_2017-09-28_09-28-16.jpg\"><img loading=\"lazy\" decoding=\"async\" class=\"alignright wp-image-125462 size-medium\" src=\"http:\/\/www.sana.sy\/tr\/wp-content\/uploads\/2017\/09\/photo_2017-09-28_09-28-16-300x176.jpg\" alt=\"\" width=\"300\" height=\"176\" srcset=\"https:\/\/archive.sana.sy\/tr\/wp-content\/uploads\/2017\/09\/photo_2017-09-28_09-28-16-300x176.jpg 300w, https:\/\/archive.sana.sy\/tr\/wp-content\/uploads\/2017\/09\/photo_2017-09-28_09-28-16-150x88.jpg 150w, https:\/\/archive.sana.sy\/tr\/wp-content\/uploads\/2017\/09\/photo_2017-09-28_09-28-16-768x451.jpg 768w, https:\/\/archive.sana.sy\/tr\/wp-content\/uploads\/2017\/09\/photo_2017-09-28_09-28-16.jpg 825w\" sizes=\"auto, (max-width: 300px) 100vw, 300px\" \/><\/a>Tunus\u2019un Safakis ve Shayra kentlerinde d\u00fczenlenen k\u00fclt\u00fcrel faaliyetlerde Tunuslu halk kitlelerinin yan\u0131 s\u0131ra edebiyat\u00e7\u0131lar, yazarlar ve gazeteciler bu faaliyetlere olduk\u00e7a yo\u011fun bir ilgi g\u00f6sterdiler.<\/p>\n<p>Suriye heyeti ba\u015fkan\u0131 ve Sanat\u00e7\u0131lar Sendikas\u0131 Ba\u015fkan\u0131 Z\u00fcheyr Ramazan medeniyetler ve k\u00fclt\u00fcrler be\u015fi\u011fi Suriye&#8217;nin sahip oldu\u011fu zengin k\u00fclt\u00fcr\u00fcn Tunus\u2019ta g\u00f6rd\u00fc\u011f\u00fc ilginin s\u00fcrpriz olmad\u0131\u011f\u0131n\u0131, Tunus halk\u0131n\u0131n genel olarak Suriye halk\u0131 ile dayan\u0131\u015fmas\u0131 ve sevgisinin de takdire \u015fayan oldu\u011funu ifade etti.<\/p>\n","protected":false},"excerpt":{"rendered":"<p>TUNUS \u2013 Tunus\u2019ta d\u00fczenlenen Suriye K\u00fclt\u00fcr Haftas\u0131n\u0131n ikinci g\u00fcn\u00fcnde Haseke Tiyatro Ekibinin oyunu ve Halep Folkloru sergilendi. Tunus\u2019un Safakis ve Shayra kentlerinde d\u00fczenlenen k\u00fclt\u00fcrel faaliyetlerde Tunuslu halk kitlelerinin yan\u0131 s\u0131ra edebiyat\u00e7\u0131lar, yazarlar ve gazeteciler bu faaliyetlere olduk\u00e7a yo\u011fun bir ilgi g\u00f6sterdiler. Suriye heyeti ba\u015fkan\u0131 ve Sanat\u00e7\u0131lar Sendikas\u0131 Ba\u015fkan\u0131 Z\u00fcheyr Ramazan medeniyetler ve k\u00fclt\u00fcrler be\u015fi\u011fi Suriye&#8217;nin &hellip;<\/p>\n","protected":false},"author":1,"featured_media":125461,"comment_status":"closed","ping_status":"closed","sticky":false,"template":"","format":"standard","meta":{"footnotes":""},"categories":[516,511,17988],"tags":[32539,16591,32503,27846,22181],"class_list":["post-125457","post","type-post","status-publish","format-standard","has-post-thumbnail","","category-haberler-kultur-ve-sanat","category-kultur-ve-sanat","category-son-haberler","tag-kultur-haftasi","tag-suriye","tag-suriye-kultur-haftasi","tag-suriyede-kultur","tag-suriyeliler"],"_links":{"self":[{"href":"https:\/\/archive.sana.sy\/tr\/index.php?rest_route=\/wp\/v2\/posts\/125457","targetHints":{"allow":["GET"]}}],"collection":[{"href":"https:\/\/archive.sana.sy\/tr\/index.php?rest_route=\/wp\/v2\/posts"}],"about":[{"href":"https:\/\/archive.sana.sy\/tr\/index.php?rest_route=\/wp\/v2\/types\/post"}],"author":[{"embeddable":true,"href":"https:\/\/archive.sana.sy\/tr\/index.php?rest_route=\/wp\/v2\/users\/1"}],"replies":[{"embeddable":true,"href":"https:\/\/archive.sana.sy\/tr\/index.php?rest_route=%2Fwp%2Fv2%2Fcomments&post=125457"}],"version-history":[{"count":0,"href":"https:\/\/archive.sana.sy\/tr\/index.php?rest_route=\/wp\/v2\/posts\/125457\/revisions"}],"wp:featuredmedia":[{"embeddable":true,"href":"https:\/\/archive.sana.sy\/tr\/index.php?rest_route=\/wp\/v2\/media\/125461"}],"wp:attachment":[{"href":"https:\/\/archive.sana.sy\/tr\/index.php?rest_route=%2Fwp%2Fv2%2Fmedia&parent=125457"}],"wp:term":[{"taxonomy":"category","embeddable":true,"href":"https:\/\/archive.sana.sy\/tr\/index.php?rest_route=%2Fwp%2Fv2%2Fcategories&post=125457"},{"taxonomy":"post_tag","embeddable":true,"href":"https:\/\/archive.sana.sy\/tr\/index.php?rest_route=%2Fwp%2Fv2%2Ftags&post=125457"}],"curies":[{"name":"wp","href":"https:\/\/api.w.org\/{rel}","templated":true}]}}