{"id":125978,"date":"2017-10-05T16:29:28","date_gmt":"2017-10-05T13:29:28","guid":{"rendered":"http:\/\/www.sana.sy\/tr\/?p=125978"},"modified":"2017-10-06T14:36:37","modified_gmt":"2017-10-06T11:36:37","slug":"suriye-ve-avustralya-yedek-liste-icin-oynuyor","status":"publish","type":"post","link":"https:\/\/archive.sana.sy\/tr\/?p=125978","title":{"rendered":"Ma\u00e7 1-1 Beraberlikle Sona Erdi"},"content":{"rendered":"<p>MALAKA \u2013 D\u00fcnya Kupas\u0131 Asya yedek listesine girmek i\u00e7in Suriye ve Avustralya bug\u00fcn Malezya\u2019n\u0131n Malaka Kentinde olduk\u00e7a \u00e7eki\u015fmeli bir ma\u00e7 oynad\u0131.<\/p>\n<p><a href=\"http:\/\/www.sana.sy\/tr\/wp-content\/uploads\/2017\/10\/1-24.jpg\"><img loading=\"lazy\" decoding=\"async\" class=\"alignright wp-image-126002 size-medium\" src=\"http:\/\/www.sana.sy\/tr\/wp-content\/uploads\/2017\/10\/1-24-300x150.jpg\" alt=\"\" width=\"300\" height=\"150\" srcset=\"https:\/\/archive.sana.sy\/tr\/wp-content\/uploads\/2017\/10\/1-24-300x150.jpg 300w, https:\/\/archive.sana.sy\/tr\/wp-content\/uploads\/2017\/10\/1-24-150x75.jpg 150w, https:\/\/archive.sana.sy\/tr\/wp-content\/uploads\/2017\/10\/1-24.jpg 660w\" sizes=\"auto, (max-width: 300px) 100vw, 300px\" \/><\/a>Suriye tak\u0131m\u0131n\u0131n bariz bir \u00fcst\u00fcnl\u00fck sergiledi\u011fi ma\u00e7ta futbolcular\u0131m\u0131z bir\u00e7ok kez g\u00f6l\u00fcn e\u015fi\u011fine geldiler. Ma\u00e7 1-1 beraberlikle sona erdi.<\/p>\n<p>Yedek listeye giren tak\u0131m\u0131n belirlenmesi i\u00e7in iki tak\u0131m aras\u0131nda Avustralya\u2019da ikici bir ma\u00e7 oynanacak.<\/p>\n<p>Ma\u00e7 ba\u015fkent \u015eam\u2019\u0131n muhtelif meydanlar\u0131nda kurulan dev ekranlarla futbol severlerin yo\u011fun bir ilgisiyle izlenirken, di\u011fer illerde de yine Suriyelilerin yo\u011fun bir ilgisiyle izlendi.<\/p>\n","protected":false},"excerpt":{"rendered":"<p>MALAKA \u2013 D\u00fcnya Kupas\u0131 Asya yedek listesine girmek i\u00e7in Suriye ve Avustralya bug\u00fcn Malezya\u2019n\u0131n Malaka Kentinde olduk\u00e7a \u00e7eki\u015fmeli bir ma\u00e7 oynad\u0131. Suriye tak\u0131m\u0131n\u0131n bariz bir \u00fcst\u00fcnl\u00fck sergiledi\u011fi ma\u00e7ta futbolcular\u0131m\u0131z bir\u00e7ok kez g\u00f6l\u00fcn e\u015fi\u011fine geldiler. Ma\u00e7 1-1 beraberlikle sona erdi. Yedek listeye giren tak\u0131m\u0131n belirlenmesi i\u00e7in iki tak\u0131m aras\u0131nda Avustralya\u2019da ikici bir ma\u00e7 oynanacak. Ma\u00e7 ba\u015fkent &hellip;<\/p>\n","protected":false},"author":1,"featured_media":126003,"comment_status":"closed","ping_status":"closed","sticky":false,"template":"","format":"standard","meta":{"footnotes":""},"categories":[498,17988,496],"tags":[29760,32674,28585,26998,16591,27728,22181],"class_list":["post-125978","post","type-post","status-publish","format-standard","has-post-thumbnail","","category-dunya-turnuvalari","category-son-haberler","category-spor","tag-asya-elemeleri","tag-asya-yedek-listesi","tag-dunya-kupasi","tag-futbol","tag-suriye","tag-suriye-takimi","tag-suriyeliler"],"_links":{"self":[{"href":"https:\/\/archive.sana.sy\/tr\/index.php?rest_route=\/wp\/v2\/posts\/125978","targetHints":{"allow":["GET"]}}],"collection":[{"href":"https:\/\/archive.sana.sy\/tr\/index.php?rest_route=\/wp\/v2\/posts"}],"about":[{"href":"https:\/\/archive.sana.sy\/tr\/index.php?rest_route=\/wp\/v2\/types\/post"}],"author":[{"embeddable":true,"href":"https:\/\/archive.sana.sy\/tr\/index.php?rest_route=\/wp\/v2\/users\/1"}],"replies":[{"embeddable":true,"href":"https:\/\/archive.sana.sy\/tr\/index.php?rest_route=%2Fwp%2Fv2%2Fcomments&post=125978"}],"version-history":[{"count":0,"href":"https:\/\/archive.sana.sy\/tr\/index.php?rest_route=\/wp\/v2\/posts\/125978\/revisions"}],"wp:featuredmedia":[{"embeddable":true,"href":"https:\/\/archive.sana.sy\/tr\/index.php?rest_route=\/wp\/v2\/media\/126003"}],"wp:attachment":[{"href":"https:\/\/archive.sana.sy\/tr\/index.php?rest_route=%2Fwp%2Fv2%2Fmedia&parent=125978"}],"wp:term":[{"taxonomy":"category","embeddable":true,"href":"https:\/\/archive.sana.sy\/tr\/index.php?rest_route=%2Fwp%2Fv2%2Fcategories&post=125978"},{"taxonomy":"post_tag","embeddable":true,"href":"https:\/\/archive.sana.sy\/tr\/index.php?rest_route=%2Fwp%2Fv2%2Ftags&post=125978"}],"curies":[{"name":"wp","href":"https:\/\/api.w.org\/{rel}","templated":true}]}}