{"id":125995,"date":"2017-10-05T17:26:08","date_gmt":"2017-10-05T14:26:08","guid":{"rendered":"http:\/\/www.sana.sy\/tr\/?p=125995"},"modified":"2017-10-06T17:45:34","modified_gmt":"2017-10-06T14:45:34","slug":"tarih-boyunca-somuru-ve-hegemonyaya-boyun-egmedik-egmeyecegiz-2","status":"publish","type":"post","link":"https:\/\/archive.sana.sy\/tr\/?p=125995","title":{"rendered":"Tarih Boyunca S\u00f6m\u00fcr\u00fc ve Hegemonyaya Boyun E\u011fmedik, E\u011fmeyece\u011fiz"},"content":{"rendered":"<p>\u015eAM \u2013 Ekim Kurtulu\u015f Sava\u015f\u0131n\u0131n 44. Y\u0131ld\u00f6n\u00fcm\u00fc, daha \u00f6nce t\u00fcm hegemonyac\u0131 planlar\u0131 ve s\u00f6m\u00fcrgeci politikalar\u0131 ba\u015far\u0131s\u0131zl\u0131\u011fa u\u011fratan Suriye&#8217;ye kar\u015f\u0131 komplonun artt\u0131\u011f\u0131 bir d\u00f6nemde kutlan\u0131yor.<\/p>\n<p>Ekim Kurtulu\u015f Sava\u015f\u0131, sonu\u00e7lar\u0131 ve i\u00e7eri\u011fiyle modern Arap tarihinde \u00f6nemli bir d\u00f6n\u00fcm noktas\u0131 olu\u015fturmu\u015f, boyutlar\u0131 Arap-\u0130srail \u00e7at\u0131\u015fmas\u0131n\u0131n cevherini Arap topraklar\u0131n\u0131 i\u015fgal eden d\u00fc\u015fmana sava\u015f a\u00e7ma ve ulusu acizlikten kurtarma y\u00f6n\u00fcnde ortak bir karar\u0131 alma giri\u015fimiyle a\u00e7\u0131k\u00e7a etkilemi\u015ftir.<\/p>\n<p>Kurtulu\u015f Sava\u015f\u0131n\u0131n ortaya koydu\u011fu en bariz unsur, Arap \u00fclkeleri aras\u0131ndaki kader birli\u011fi, Arap kimli\u011fine y\u00f6nelik ortak duygular\u0131n derinli\u011fi ve Araplar\u0131 uluslararas\u0131 ve b\u00f6lgesel haritaya iade etenin tek \u015fart\u0131 olarak Suriye&#8217;nin her zaman \u00e7a\u011fr\u0131da bulundu\u011fu Arap dayan\u0131\u015fmas\u0131d\u0131r.<\/p>\n<p>Araplar\u0131n Ekim Kurtulu\u015f Sava\u015f\u0131nda kazand\u0131\u011f\u0131 zafer, Filistin ve L\u00fcbnan&#8217;da direni\u015f k\u00fclt\u00fcr\u00fcn\u00fcn yerle\u015ftirilmesine katk\u0131da bulunurken g\u00fc\u00e7 dengelerini de\u011fi\u015ftirerek b\u00f6lgede yeni bir denklem dayatm\u0131\u015ft\u0131r.<\/p>\n<p>\u00d6zellikle 2000 ve 2006 y\u0131llar\u0131nda L\u00fcbnan&#8217;da Siyonist d\u00fc\u015fmana kar\u015f\u0131 kazan\u0131lan zafer ve Gazze&#8217;deki direni\u015f \u0130srail&#8217;in yenilmez bir g\u00fc\u00e7 oldu\u011fu iddias\u0131n\u0131n Siyonist propaganda mekanizmas\u0131n\u0131n kuruntusundan ba\u015fka bir \u015fey olmad\u0131\u011f\u0131n\u0131 g\u00f6stermi\u015ftir.<\/p>\n<p>Ekim Kurtulu\u015f Sava\u015f\u0131, halk\u0131m\u0131z\u0131n \u00f6zg\u00fcrl\u00fck, ba\u011f\u0131ms\u0131zl\u0131k ve i\u015fgal alt\u0131ndaki topraklar\u0131 kurtarma m\u00fccadelesinin bir halkas\u0131n\u0131 olu\u015ftururken i\u015fgalciye kar\u015f\u0131 zafere askeri, siyasi, ekonomik ve manevi olarak haz\u0131rlanmak gerekti\u011fini g\u00f6stermi\u015ftir.<\/p>\n<p>Bununla birlikte, Arap haklar\u0131n\u0131n geri al\u0131nmas\u0131 ve bar\u0131\u015f\u0131n sa\u011flanmas\u0131n\u0131n b\u00f6lgede istikrar, g\u00fcvenlik ve refah\u0131n sa\u011flanmas\u0131na katk\u0131da bulunaca\u011f\u0131 y\u00f6n\u00fcnde uluslararas\u0131 ve b\u00f6lgesel d\u00fczeyde sa\u011flam bir zemin ve g\u00fc\u00e7l\u00fc bir kanaat yaratm\u0131\u015ft\u0131r.<\/p>\n<p>Siyonist d\u00fc\u015fmanla Ekim sava\u015f\u0131nda m\u00fccadele eden ve ge\u00e7en y\u0131llar boyunca d\u00fc\u015fman\u0131n y\u0131pratma sava\u015f\u0131na kar\u015f\u0131 direnen Suriye, Amerika ve bat\u0131n\u0131n izole \u00e7abalar\u0131na, ter\u00f6r \u00e7etelerine boyun e\u011fmeyece\u011fini azim ve kararl\u0131l\u0131kla g\u00f6stermi\u015ftir.<\/p>\n<p>Suriye&#8217;nin direni\u015f \u00e7izgisini benimseme, destekleme ve topraklar\u0131n kurtar\u0131lmas\u0131nda direni\u015f hakk\u0131 y\u00f6n\u00fcndeki se\u00e7enekleri her zaman net olmu\u015ftur. Suriye i\u015fgali tamam\u0131yla reddederken Ekim Kurtulu\u015f Sava\u015f\u0131ndan 1991 y\u0131l\u0131ndaki Madrid bar\u0131\u015f konferans\u0131na kadar ve daha sonra gelen s\u00fcre\u00e7te b\u00f6lgede adil ve kapsaml\u0131 bar\u0131\u015f\u0131n sa\u011flanmas\u0131 i\u00e7in \u00e7aba g\u00f6sterdi.<\/p>\n<p>Suriye bug\u00fcn, bas\u0131n dezenformasyon politikalar\u0131n\u0131n zorbal\u0131\u011f\u0131 g\u00f6lgesinde k\u00fcresel bir sava\u015fla kar\u015f\u0131 kar\u015f\u0131ya. Amerika ve bat\u0131yla birlikte b\u00f6lgedeki ara\u00e7lar\u0131n\u0131n Suriye&#8217;ye kar\u015f\u0131 ba\u015flatt\u0131\u011f\u0131 vah\u015fi ve histerik sald\u0131r\u0131, b\u00f6lgedeki kilit g\u00fcc\u00fc ve rol\u00fcn\u00fc, ulusal ve uygarl\u0131k modelini hedef alm\u0131\u015ft\u0131r.<\/p>\n<p>Irak&#8217;\u0131n 2003 y\u0131l\u0131nda i\u015fgal edilmesiyle ba\u015flayan bu sald\u0131r\u0131 asl\u0131nda yeni de\u011fildir. Bu sald\u0131r\u0131da yeni olan ordu, g\u00fcvenlik g\u00fc\u00e7leri ve sivillere kar\u015f\u0131 silahl\u0131 ter\u00f6r \u00f6rg\u00fctlerinin kullan\u0131lmas\u0131na dayal\u0131 yeni y\u00f6ntemlere ba\u015fvurulmas\u0131, d\u0131\u015f m\u00fcdahaleye zemin haz\u0131rlanarak insan haklar\u0131 yaftas\u0131 alt\u0131nda uluslararas\u0131 k\u0131nama kararlar\u0131 \u00e7\u0131kar\u0131lmaya \u00e7al\u0131\u015f\u0131lmas\u0131d\u0131r.<\/p>\n<p>\u00d6te yandan, Ekim Sava\u015f\u0131nda, \u0130srail\u2019e kar\u015f\u0131 vatan\u0131n onuru ve \u00f6zg\u00fcrl\u00fc\u011f\u00fcn\u00fc savunan ulusal birli\u011fin sembol\u00fc ulusal askeri kurumlar bug\u00fcn de Cumhurba\u015fkan\u0131 Be\u015f\u015far el-Esad&#8217;\u0131n komutas\u0131nda Suriye&#8217;nin g\u00fcvenlik ve istikrar\u0131n\u0131 yeniden sa\u011flamak amac\u0131yla halk ve y\u00f6netimle uyum i\u00e7inde ulusal g\u00f6revini yerine getirmektedir.<\/p>\n<p>Kapsaml\u0131 reform kapsam\u0131nda \u00e7\u0131kar\u0131lan karar ve yasalar, Suriye&#8217;yi d\u00fc\u015fmanlara kar\u015f\u0131 daha g\u00fc\u00e7l\u00fc ve diren\u00e7li k\u0131larken Suriye \u00f6d\u00fcn vermeyi ve d\u0131\u015f dayatmalara boyun e\u011fmeyi reddettik\u00e7e ilerlemeye devam edecektir.<\/p>\n","protected":false},"excerpt":{"rendered":"<p>\u015eAM \u2013 Ekim Kurtulu\u015f Sava\u015f\u0131n\u0131n 44. Y\u0131ld\u00f6n\u00fcm\u00fc, daha \u00f6nce t\u00fcm hegemonyac\u0131 planlar\u0131 ve s\u00f6m\u00fcrgeci politikalar\u0131 ba\u015far\u0131s\u0131zl\u0131\u011fa u\u011fratan Suriye&#8217;ye kar\u015f\u0131 komplonun artt\u0131\u011f\u0131 bir d\u00f6nemde kutlan\u0131yor. Ekim Kurtulu\u015f Sava\u015f\u0131, sonu\u00e7lar\u0131 ve i\u00e7eri\u011fiyle modern Arap tarihinde \u00f6nemli bir d\u00f6n\u00fcm noktas\u0131 olu\u015fturmu\u015f, boyutlar\u0131 Arap-\u0130srail \u00e7at\u0131\u015fmas\u0131n\u0131n cevherini Arap topraklar\u0131n\u0131 i\u015fgal eden d\u00fc\u015fmana sava\u015f a\u00e7ma ve ulusu acizlikten kurtarma y\u00f6n\u00fcnde ortak &hellip;<\/p>\n","protected":false},"author":1,"featured_media":126000,"comment_status":"closed","ping_status":"closed","sticky":false,"template":"","format":"standard","meta":{"footnotes":""},"categories":[479,17988,478],"tags":[32675,19189,17141,25920,16591,32676,22181],"class_list":["post-125995","post","type-post","status-publish","format-standard","has-post-thumbnail","","category-haberler-yerel","category-son-haberler","category-yerel","tag-ekim-savasi","tag-golan-tepeleri","tag-kurtulus-savasi","tag-ortadogu","tag-suriye","tag-suriye-ve-israil","tag-suriyeliler"],"_links":{"self":[{"href":"https:\/\/archive.sana.sy\/tr\/index.php?rest_route=\/wp\/v2\/posts\/125995","targetHints":{"allow":["GET"]}}],"collection":[{"href":"https:\/\/archive.sana.sy\/tr\/index.php?rest_route=\/wp\/v2\/posts"}],"about":[{"href":"https:\/\/archive.sana.sy\/tr\/index.php?rest_route=\/wp\/v2\/types\/post"}],"author":[{"embeddable":true,"href":"https:\/\/archive.sana.sy\/tr\/index.php?rest_route=\/wp\/v2\/users\/1"}],"replies":[{"embeddable":true,"href":"https:\/\/archive.sana.sy\/tr\/index.php?rest_route=%2Fwp%2Fv2%2Fcomments&post=125995"}],"version-history":[{"count":0,"href":"https:\/\/archive.sana.sy\/tr\/index.php?rest_route=\/wp\/v2\/posts\/125995\/revisions"}],"wp:featuredmedia":[{"embeddable":true,"href":"https:\/\/archive.sana.sy\/tr\/index.php?rest_route=\/wp\/v2\/media\/126000"}],"wp:attachment":[{"href":"https:\/\/archive.sana.sy\/tr\/index.php?rest_route=%2Fwp%2Fv2%2Fmedia&parent=125995"}],"wp:term":[{"taxonomy":"category","embeddable":true,"href":"https:\/\/archive.sana.sy\/tr\/index.php?rest_route=%2Fwp%2Fv2%2Fcategories&post=125995"},{"taxonomy":"post_tag","embeddable":true,"href":"https:\/\/archive.sana.sy\/tr\/index.php?rest_route=%2Fwp%2Fv2%2Ftags&post=125995"}],"curies":[{"name":"wp","href":"https:\/\/api.w.org\/{rel}","templated":true}]}}