{"id":12612,"date":"2014-10-08T18:50:22","date_gmt":"2014-10-08T15:50:22","guid":{"rendered":"http:\/\/sanasyria.org\/tr\/?p=12612"},"modified":"2014-10-11T12:54:02","modified_gmt":"2014-10-11T09:54:02","slug":"teroristlerin-toplanma-merkez-ve-hucreleri-hedef-aliniyor","status":"publish","type":"post","link":"https:\/\/archive.sana.sy\/tr\/?p=12612","title":{"rendered":"Ter\u00f6ristlerin Toplanma Merkez ve H\u00fccreleri Hedef Al\u0131n\u0131yor"},"content":{"rendered":"<p>\u0130LLER \u2013 Kahraman ordu birliklerimizin silahl\u0131 ter\u00f6rist \u00f6rg\u00fct ve elemanlar\u0131na y\u00f6nelik operasyonlar\u0131n\u0131 s\u00fcrd\u00fcr\u00fcrken ter\u00f6ristlerin say\u0131, silah, cephane ve te\u00e7hizat bak\u0131m\u0131ndan a\u011f\u0131r kay\u0131plar\u0131 devam ediyor.<\/p>\n<p><span style=\"color: #0000ff\">\u015eam K\u0131rsal\u0131nda Yeni Ba\u015far\u0131lara \u0130mza At\u0131l\u0131yor<\/span><\/p>\n<p>\u015eam k\u0131rsal\u0131 Duma B\u00f6lgesinin Reyhan \u00c7iftliklerinde olduk\u00e7a geni\u015f alanlar\u0131 ter\u00f6rden temizleyip kontrol\u00fcne alan ordu birliklerimiz operasyonlar\u0131nda \u00e7ok say\u0131da ter\u00f6risti \u00f6l\u00fc yaral\u0131 ele ge\u00e7irdi.<\/p>\n<p><span style=\"color: #0000ff\">Dera\u2019da Eleba\u015flar\u0131n\u0131n Bulundu\u011fu 2 H\u00fccre\u2019yi Hedef Ald\u0131<\/span><\/p>\n<p>Askeri kaynak, ordu birliklerimizin Dera k\u0131rsal\u0131 Casim Beldesinde toplant\u0131lar\u0131n\u0131 ger\u00e7ekle\u015ftirdikleri esnada ter\u00f6ristlere ait 2 h\u00fccreyi hedef almalar\u0131 sonucunda aralar\u0131nda s\u00f6zde \u201cNas\u0131r Salahuddin Alay\u0131\u201d adl\u0131 ter\u00f6r grubu ter\u00f6rist eleba\u015f\u0131 Yusuf \u0130brahim\u2019in de bulundu\u011fu \u00e7ok say\u0131da ter\u00f6ristin \u00f6l\u00fc ve yaral\u0131 d\u00fc\u015f\u00fcr\u00fcld\u00fc\u011f\u00fcn\u00fc s\u00f6yledi.<\/p>\n<p>Kaynak, ordu birliklerimizin Dera k\u0131rsal\u0131 Ataman Beldesinin g\u00fcneyi, el Sikek Binalar\u0131n\u0131n g\u00fcneyi ile Ataman-Tafas-Yaduda yol kav\u015fa\u011f\u0131nda bulunan ter\u00f6ristlerin toplanma merkezlerini hedef almalar\u0131 sonucunda \u00e7ok say\u0131da ter\u00f6risti \u00f6l\u00fc ve yaral\u0131 d\u00fc\u015f\u00fcrd\u00fcklerini Ataman Beldesinin bat\u0131s\u0131ndaki ka\u00e7ak yolda ise ter\u00f6ristlerin kulland\u0131klar\u0131 bir ka\u00e7 adet motosikleti de imha ettiklerini s\u00f6yledi.<\/p>\n<p>Kaynak, Dera k\u0131rsal\u0131 Anhel, Busra el \u015fam, Maraba ve Neva\u2019da ter\u00f6ristlerin toplanma merkez ve h\u00fccrelerini hedef almalar\u0131 sonucunda \u00e7ok say\u0131da ter\u00f6risti \u00f6l\u00fc ve yaral\u0131 d\u00fc\u015f\u00fcrd\u00fcklerini, a\u011f\u0131r makineli silahla donan\u0131ml\u0131 2 ara\u00e7lar\u0131n\u0131 da imha ettiklerini, \u00f6len ter\u00f6ristler aras\u0131nda, Muhammed Cemal Ukle, Yahya Haf\u0131z Nas\u0131r, \u0130brahim Bekir Nas\u0131r, Nevvaf Ahemet Mutlak, Yasir Deyyup Cebavi ve Halit Re\u015fdan\u2019\u0131n bulundu\u011funu belirtti.<\/p>\n<p>Kaynak, Dera Beled\u2019te ise ordu birliklerimizin s\u00f6zde \u201cel Musenna Taburu\u201d ve \u201cAhrarul \u015eam\u201d adl\u0131 ter\u00f6r \u00f6rg\u00fctlerine ba\u011fl\u0131 \u00e7ok say\u0131da ter\u00f6ristin \u00f6l\u00fc ve yaral\u0131 d\u00fc\u015f\u00fcr\u00fcld\u00fc\u011f\u00fcn\u00fc \u00f6len ter\u00f6ristler aras\u0131nda \u201c\u00c7e\u00e7enli\u201d lakapl\u0131 saha operasyonlar\u0131 eleba\u015f\u0131n\u0131n da bulundu\u011funu ifade etti.<\/p>\n<p><span style=\"color: #0000ff\">Homs K\u0131rsal\u0131nda Su\u00e7 Edatlar\u0131yla H\u00fccreleri \u0130mha Edildi<\/span><\/p>\n<p>Askeri kaynak, ordu birliklerimizin Homs do\u011fu k\u0131rsal\u0131n\u0131n Abul Hadid K\u00f6y\u00fc ile Resten Sariko Caddesinde ter\u00f6ristlerin toplanma merkez ve h\u00fccrelerini hedef almalar\u0131 sonucunda \u00e7ok say\u0131da ter\u00f6risti \u00f6l\u00fc ve yaral\u0131 d\u00fc\u015f\u00fcrd\u00fcklerini Resten Demiryolu yak\u0131nlar\u0131nda da ter\u00f6ristlerle dolu bir arac\u0131 etkisiz hale getirdiklerini s\u00f6yledi.<\/p>\n","protected":false},"excerpt":{"rendered":"<p>\u0130LLER \u2013 Kahraman ordu birliklerimizin silahl\u0131 ter\u00f6rist \u00f6rg\u00fct ve elemanlar\u0131na y\u00f6nelik operasyonlar\u0131n\u0131 s\u00fcrd\u00fcr\u00fcrken ter\u00f6ristlerin say\u0131, silah, cephane ve te\u00e7hizat bak\u0131m\u0131ndan a\u011f\u0131r kay\u0131plar\u0131 devam ediyor. \u015eam K\u0131rsal\u0131nda Yeni Ba\u015far\u0131lara \u0130mza At\u0131l\u0131yor \u015eam k\u0131rsal\u0131 Duma B\u00f6lgesinin Reyhan \u00c7iftliklerinde olduk\u00e7a geni\u015f alanlar\u0131 ter\u00f6rden temizleyip kontrol\u00fcne alan ordu birliklerimiz operasyonlar\u0131nda \u00e7ok say\u0131da ter\u00f6risti \u00f6l\u00fc yaral\u0131 ele ge\u00e7irdi. Dera\u2019da Eleba\u015flar\u0131n\u0131n &hellip;<\/p>\n","protected":false},"author":1,"featured_media":12613,"comment_status":"closed","ping_status":"closed","sticky":false,"template":"","format":"standard","meta":{"footnotes":""},"categories":[575],"tags":[3334,3332,3327,3341,3331,3330,3338,3333,3336,3339,3335,3329,3328,3342,3326,3325,3337,3340],"class_list":["post-12612","post","type-post","status-publish","format-standard","has-post-thumbnail","","category-olaylar-ve-gercekler","tag-agir-makineli-silahla-donanimli-2-araclarini-da-imha-ettiklerini","tag-busra-el-sam","tag-cephane-ve-techizat-bakimindan-agir-kayiplari-devam-ediyor-derada-elebaslarinin-bulundugu-2-hucreyi-hedef-aldi-askeri-kaynak","tag-dera-beledte-ise-ordu-birliklerimizin-sozde-el-musenna-taburu-ve-ahrarul-sam-adli-teror-orgutlerine-bagli-cok-sayida-teroristin-olu-ve-yarali-dusuruldugunu","tag-dera-kirsali-anhel","tag-el-sikek-binalarinin-guneyi-ile-ataman-tafas-yaduda-yol-kavsaginda-bulunan-teroristlerin-toplanma-merkezlerini-hedef-almalari-sonucunda-cok-sayida-teroristi-olu-ve-yarali-dusurduklerini-ataman-beldesi","tag-ibrahim-bekir-nasir","tag-maraba-ve-nevada-teroristlerin-toplanma-merkez-ve-hucrelerini-hedef-almalari-sonucunda-cok-sayida-teroristi-olu-ve-yarali-dusurduklerini","tag-muhammed-cemal-ukle","tag-nevvaf-ahemet-mutlak","tag-olen-teroristler-arasinda","tag-ordu-birliklerimizin-dera-kirsali-ataman-beldesinin-guneyi","tag-ordu-birliklerimizin-dera-kirsali-casim-beldesinde-toplantilarini-gerceklestirdikleri-esnada-teroristlere-ait-2-hucreyi-hedef-almalari-sonucunda-aralarinda-sozde-nasir-salahuddin-alayi","tag-ordu-birliklerimizin-homs-dogu-kirsalinin-abul-hadid-koyu-ile-resten-sariko-caddesinde-teroristlerin-toplanma-merkez-ve-hucrelerini-hedef-almalari-sonucunda-cok-sayida-teroristi-olu-ve-yarali-dusurduk","tag-silah","tag-teroristlerin-toplanma-merkez-ve-hucreleri-hedef-aliniyor-iller-kahraman-ordu-birliklerimizin-silahli-terorist-orgut-ve-elemanlarina-yonelik-operasyonlarini-surdururken-teroristlerin-sayi","tag-yahya-hafiz-nasir","tag-yasir-deyyup-cebavi-ve-halit-resdanin-bulundugunu-belirtti-kaynak"],"_links":{"self":[{"href":"https:\/\/archive.sana.sy\/tr\/index.php?rest_route=\/wp\/v2\/posts\/12612","targetHints":{"allow":["GET"]}}],"collection":[{"href":"https:\/\/archive.sana.sy\/tr\/index.php?rest_route=\/wp\/v2\/posts"}],"about":[{"href":"https:\/\/archive.sana.sy\/tr\/index.php?rest_route=\/wp\/v2\/types\/post"}],"author":[{"embeddable":true,"href":"https:\/\/archive.sana.sy\/tr\/index.php?rest_route=\/wp\/v2\/users\/1"}],"replies":[{"embeddable":true,"href":"https:\/\/archive.sana.sy\/tr\/index.php?rest_route=%2Fwp%2Fv2%2Fcomments&post=12612"}],"version-history":[{"count":0,"href":"https:\/\/archive.sana.sy\/tr\/index.php?rest_route=\/wp\/v2\/posts\/12612\/revisions"}],"wp:featuredmedia":[{"embeddable":true,"href":"https:\/\/archive.sana.sy\/tr\/index.php?rest_route=\/wp\/v2\/media\/12613"}],"wp:attachment":[{"href":"https:\/\/archive.sana.sy\/tr\/index.php?rest_route=%2Fwp%2Fv2%2Fmedia&parent=12612"}],"wp:term":[{"taxonomy":"category","embeddable":true,"href":"https:\/\/archive.sana.sy\/tr\/index.php?rest_route=%2Fwp%2Fv2%2Fcategories&post=12612"},{"taxonomy":"post_tag","embeddable":true,"href":"https:\/\/archive.sana.sy\/tr\/index.php?rest_route=%2Fwp%2Fv2%2Ftags&post=12612"}],"curies":[{"name":"wp","href":"https:\/\/api.w.org\/{rel}","templated":true}]}}