{"id":126138,"date":"2017-10-05T23:45:04","date_gmt":"2017-10-05T20:45:04","guid":{"rendered":"http:\/\/www.sana.sy\/tr\/?p=126138"},"modified":"2017-10-06T17:49:44","modified_gmt":"2017-10-06T14:49:44","slug":"aksi-halde-teroru-destekleyen-devletler-de-tehlikeye-maruz-kalacaktir","status":"publish","type":"post","link":"https:\/\/archive.sana.sy\/tr\/?p=126138","title":{"rendered":"Aksi Halde Ter\u00f6r\u00fc Destekleyen Devletler de Tehlikeye Maruz Kalacakt\u0131r"},"content":{"rendered":"<p>\u015eAM \u2013 Halk Meclisi; Karde\u015f Irak\u2019\u0131n toprak ve halk b\u00fct\u00fcnl\u00fc\u011f\u00fcn\u00fcn korunmas\u0131 gere\u011finin alt\u0131n\u0131 \u00e7izerken, herhangi bir \u015fekilde b\u00f6l\u00fcnmesine mutlak bir \u015fekilde kar\u015f\u0131 oldu\u011funu vurgulad\u0131.<\/p>\n<p>Meclis bug\u00fcn yay\u0131nlad\u0131\u011f\u0131 b\u00fcltende; Suriye Parlamentosunun karde\u015f Irak parlamentosu ve halk\u0131yla dayan\u0131\u015fma i\u00e7inde oldu\u011funu vurgularken, Irak\u2019\u0131n toprak ve halk b\u00fct\u00fcnl\u00fc\u011f\u00fcn\u00fcn korunmas\u0131 \u00f6neminin alt\u0131n\u0131 \u00e7izdi.<\/p>\n<p>B\u00f6lge \u00fclkelerinin par\u00e7alan\u0131p zay\u0131flat\u0131lmas\u0131n\u0131n ABD ve Siyonist \u0130srail&#8217;in planlar\u0131 oldu\u011funa dikkat \u00e7eken Halk Meclisi; Suriye ve Irak\u2019\u0131n ter\u00f6re kar\u015f\u0131 zaferlerinin \u00f6rtbas edilmeye \u00e7al\u0131\u015f\u0131ld\u0131\u011f\u0131na i\u015faret eti.<\/p>\n<p>Halk Meclisi b\u00f6lge \u00fclkeleri ve halklar\u0131n\u0131n birlik beraberlik i\u00e7inde olmalar\u0131 gerekti\u011fini, aksi halde bug\u00fcn ter\u00f6re destekleriyle bu planlara hizmet eden devletler d\u00e2hil t\u00fcm b\u00f6lge devletleri ve halklar\u0131n\u0131n tehlikeye maruz kalacaklar\u0131na vurgu yap\u0131ld\u0131.<\/p>\n","protected":false},"excerpt":{"rendered":"<p>\u015eAM \u2013 Halk Meclisi; Karde\u015f Irak\u2019\u0131n toprak ve halk b\u00fct\u00fcnl\u00fc\u011f\u00fcn\u00fcn korunmas\u0131 gere\u011finin alt\u0131n\u0131 \u00e7izerken, herhangi bir \u015fekilde b\u00f6l\u00fcnmesine mutlak bir \u015fekilde kar\u015f\u0131 oldu\u011funu vurgulad\u0131. Meclis bug\u00fcn yay\u0131nlad\u0131\u011f\u0131 b\u00fcltende; Suriye Parlamentosunun karde\u015f Irak parlamentosu ve halk\u0131yla dayan\u0131\u015fma i\u00e7inde oldu\u011funu vurgularken, Irak\u2019\u0131n toprak ve halk b\u00fct\u00fcnl\u00fc\u011f\u00fcn\u00fcn korunmas\u0131 \u00f6neminin alt\u0131n\u0131 \u00e7izdi. B\u00f6lge \u00fclkelerinin par\u00e7alan\u0131p zay\u0131flat\u0131lmas\u0131n\u0131n ABD ve Siyonist &hellip;<\/p>\n","protected":false},"author":1,"featured_media":98968,"comment_status":"closed","ping_status":"closed","sticky":false,"template":"","format":"standard","meta":{"footnotes":""},"categories":[479,17988,478],"tags":[],"class_list":["post-126138","post","type-post","status-publish","format-standard","has-post-thumbnail","","category-haberler-yerel","category-son-haberler","category-yerel"],"_links":{"self":[{"href":"https:\/\/archive.sana.sy\/tr\/index.php?rest_route=\/wp\/v2\/posts\/126138","targetHints":{"allow":["GET"]}}],"collection":[{"href":"https:\/\/archive.sana.sy\/tr\/index.php?rest_route=\/wp\/v2\/posts"}],"about":[{"href":"https:\/\/archive.sana.sy\/tr\/index.php?rest_route=\/wp\/v2\/types\/post"}],"author":[{"embeddable":true,"href":"https:\/\/archive.sana.sy\/tr\/index.php?rest_route=\/wp\/v2\/users\/1"}],"replies":[{"embeddable":true,"href":"https:\/\/archive.sana.sy\/tr\/index.php?rest_route=%2Fwp%2Fv2%2Fcomments&post=126138"}],"version-history":[{"count":0,"href":"https:\/\/archive.sana.sy\/tr\/index.php?rest_route=\/wp\/v2\/posts\/126138\/revisions"}],"wp:featuredmedia":[{"embeddable":true,"href":"https:\/\/archive.sana.sy\/tr\/index.php?rest_route=\/wp\/v2\/media\/98968"}],"wp:attachment":[{"href":"https:\/\/archive.sana.sy\/tr\/index.php?rest_route=%2Fwp%2Fv2%2Fmedia&parent=126138"}],"wp:term":[{"taxonomy":"category","embeddable":true,"href":"https:\/\/archive.sana.sy\/tr\/index.php?rest_route=%2Fwp%2Fv2%2Fcategories&post=126138"},{"taxonomy":"post_tag","embeddable":true,"href":"https:\/\/archive.sana.sy\/tr\/index.php?rest_route=%2Fwp%2Fv2%2Ftags&post=126138"}],"curies":[{"name":"wp","href":"https:\/\/api.w.org\/{rel}","templated":true}]}}