{"id":12619,"date":"2014-10-11T21:51:16","date_gmt":"2014-10-11T18:51:16","guid":{"rendered":"http:\/\/www.sanasyria.org\/tr\/?p=12619"},"modified":"2014-10-12T12:31:17","modified_gmt":"2014-10-12T09:31:17","slug":"teror-fedakarlik-ve-vatanseverlik-kalkani-karsisinda-kayip-vermeye-devam-ediyor","status":"publish","type":"post","link":"https:\/\/archive.sana.sy\/tr\/?p=12619","title":{"rendered":"Ter\u00f6r Fedakarl\u0131k ve Vatanseverlik Kalkan\u0131 Kar\u015f\u0131s\u0131nda Kay\u0131p Vermeye Devam Ediyor"},"content":{"rendered":"<p>\u0130LLER \u2013 D\u00fcnyan\u0131n en dev g\u00fc\u00e7leri taraf\u0131ndan ald\u0131klar\u0131 destekle uluslararas\u0131 ya da insan ahlak\u0131na dair hi\u00e7bir ilkeyi tan\u0131madan sald\u0131r\u0131lar\u0131n\u0131 s\u00fcrd\u00fcrme \u00e7abas\u0131nda olan silahl\u0131 ter\u00f6r gruplar\u0131 kahraman birliklerimizin fedakarl\u0131k, vatanseverlik ve cesaret kalkanlar\u0131 kar\u015f\u0131s\u0131nda a\u011f\u0131r kay\u0131plar vermeye devam ediyorlar.<\/p>\n<p><span style=\"color: #0000ff\">\u0130dlib K\u0131rsal\u0131nda Yuva ve Karargahlar\u0131na Y\u00f6nelik Operasyonlar S\u00fcr\u00fcyor<\/span><\/p>\n<p>Askeri kaynak ordu birliklerimizin \u0130dlib k\u0131rsal\u0131n\u0131n Kefar Lata, Mantaf, Kmeynas, Tel Meynis, Curcunaz, Serakib ve Halluz b\u00f6lgelerine ek olarak el Arbain Da\u011f\u0131 civar\u0131nda ter\u00f6r \u00e7etelerin yuva ve karargahlar\u0131n\u0131 hedef ald\u0131klar\u0131n\u0131 belirtti.<\/p>\n<p>Kaynak operasyonlarda aralar\u0131nda az\u0131l\u0131 ter\u00f6r eleba\u015flar\u0131 ve yabanc\u0131lar\u0131n bulundu\u011fu onlarca ter\u00f6ristin \u00f6l\u00fc yaral\u0131 d\u00fc\u015f\u00fcr\u00fcld\u00fcklerini, bir\u00e7ok ara\u00e7lar\u0131 ve cephaneliklerinin imha edildi\u011fini aktard\u0131.<\/p>\n<p>Ordu birliklerimiz \u0130dlib k\u0131rsal\u0131 el Arbain Da\u011f\u0131 civar\u0131na s\u0131zmaya \u00e7al\u0131\u015fan bir ter\u00f6r grubunun t\u00fcm \u00fcyelerini t\u00fcm silah ve ara\u00e7lar\u0131yla birlikte tamamen etkisiz hale getirdi.<\/p>\n<p><span style=\"color: #0000ff\">Dera ve K\u0131rsal\u0131nda Ara\u00e7lar\u0131yla Birlikte \u0130mha Edildiler<\/span><\/p>\n<p>Ordu birliklerimiz Dera k\u0131rsal\u0131n\u0131n Casim ve Hara beldelerinin yan\u0131 s\u0131ra Etman Beldesinin bat\u0131s\u0131nda ka\u00e7ak bir yol \u00fczerinde ter\u00f6ristleri hedef alarak onlarcas\u0131n\u0131 bir\u00e7ok ara\u00e7la birlikte imha etti.<\/p>\n<p>Askeri kaynak ordu birliklerimizin Dera k\u0131rsal\u0131 Tel el Hara B\u00f6lgesinde \u00e7ok say\u0131da ter\u00f6risti \u00f6l\u00fc yaral\u0131 d\u00fc\u015f\u00fcrd\u00fc\u011f\u00fcn\u00fc aktar\u0131rken, L\u00fcca B\u00f6lgesinde de ter\u00f6rist ta\u015f\u0131yan bir arac\u0131 ta\u015f\u0131d\u0131\u011f\u0131 ter\u00f6ristlerle imha ettiklerini belirtti.<\/p>\n<p>Yine Dera k\u0131rsal\u0131n\u0131n Hurbat \u011eazale K\u00f6pr\u00fcs\u00fcn\u00fcn g\u00fcneyinde ter\u00f6ristlerin bir karargah\u0131n\u0131 muhtevalar\u0131yla tamamen imha eden ordu birliklerimiz; Etman Beldesinin kuzeybat\u0131s\u0131nda bir\u00e7ok yuva ve k\u00fcmelenme yerlerini hedef alarak \u00e7ok say\u0131da ter\u00f6risti \u00f6l\u00fc yaral\u0131 d\u00fc\u015f\u00fcrd\u00fc.<\/p>\n<p><span style=\"color: #0000ff\">Homs\u2019ta Onlarca Ter\u00f6rist \u00d6ld\u00fcr\u00fcld\u00fc<\/span><\/p>\n<p>Askeri kaynak ordu birliklerimizin Homs k\u0131rsal\u0131n\u0131n Huvla B\u00f6lgesinde Mu\u015frife K\u00f6y\u00fc ve T\u0131yba Beldesine ilaveten Telbise B\u00f6lgesinde ter\u00f6ristlerin yuva ve k\u00fcmelenme yerlerini hedef alarak onlarca ter\u00f6risti su\u00e7 edatlar\u0131yla birlikte etkisiz hale getirdiklerini belirtti.<\/p>\n","protected":false},"excerpt":{"rendered":"<p>\u0130LLER \u2013 D\u00fcnyan\u0131n en dev g\u00fc\u00e7leri taraf\u0131ndan ald\u0131klar\u0131 destekle uluslararas\u0131 ya da insan ahlak\u0131na dair hi\u00e7bir ilkeyi tan\u0131madan sald\u0131r\u0131lar\u0131n\u0131 s\u00fcrd\u00fcrme \u00e7abas\u0131nda olan silahl\u0131 ter\u00f6r gruplar\u0131 kahraman birliklerimizin fedakarl\u0131k, vatanseverlik ve cesaret kalkanlar\u0131 kar\u015f\u0131s\u0131nda a\u011f\u0131r kay\u0131plar vermeye devam ediyorlar. \u0130dlib K\u0131rsal\u0131nda Yuva ve Karargahlar\u0131na Y\u00f6nelik Operasyonlar S\u00fcr\u00fcyor Askeri kaynak ordu birliklerimizin \u0130dlib k\u0131rsal\u0131n\u0131n Kefar Lata, Mantaf, &hellip;<\/p>\n","protected":false},"author":1,"featured_media":12620,"comment_status":"closed","ping_status":"closed","sticky":false,"template":"","format":"standard","meta":{"footnotes":""},"categories":[575],"tags":[3351,3349,3347,3346,3350,3348,3344,3345],"class_list":["post-12619","post","type-post","status-publish","format-standard","has-post-thumbnail","","category-olaylar-ve-gercekler","tag-bircok-araclari-ve-cephaneliklerinin-imha-edildigini-aktardi-dera-ve-kirsalinda-araclariyla-birlikte-imha-edildiler-ordu-birliklerimiz-dera-kirsalinin-casim-ve-hara-beldelerinin-yani-sira-etman-belde","tag-curcunaz","tag-kmeynas","tag-mantaf","tag-serakib-ve-halluz-bolgelerine-ek-olarak-el-arbain-dagi-civarinda-teror-cetelerin-yuva-ve-karargahlarini-hedef-aldiklarini-belirtti-kaynak-operasyonlarda-aralarinda-azili-teror-elebaslari-ve-yabancila","tag-tel-meynis","tag-teror-fedakarlik-ve-vatanseverlik-kalkani-karsisinda-kayip-vermeye-devam-ediyor-iller-dunyanin-en-dev-gucleri-tarafindan-aldiklari-destekle-uluslararasi-ya-da-insan-ahlakina-dair-hicbir-ilke","tag-vatanseverlik-ve-cesaret-kalkanlari-karsisinda-agir-kayiplar-vermeye-devam-ediyorlar-idlib-kirsalinda-yuva-ve-karargahlarina-yonelik-operasyonlar-suruyor-askeri-kaynak-ordu-birliklerimizin-idlib-kirs"],"_links":{"self":[{"href":"https:\/\/archive.sana.sy\/tr\/index.php?rest_route=\/wp\/v2\/posts\/12619","targetHints":{"allow":["GET"]}}],"collection":[{"href":"https:\/\/archive.sana.sy\/tr\/index.php?rest_route=\/wp\/v2\/posts"}],"about":[{"href":"https:\/\/archive.sana.sy\/tr\/index.php?rest_route=\/wp\/v2\/types\/post"}],"author":[{"embeddable":true,"href":"https:\/\/archive.sana.sy\/tr\/index.php?rest_route=\/wp\/v2\/users\/1"}],"replies":[{"embeddable":true,"href":"https:\/\/archive.sana.sy\/tr\/index.php?rest_route=%2Fwp%2Fv2%2Fcomments&post=12619"}],"version-history":[{"count":0,"href":"https:\/\/archive.sana.sy\/tr\/index.php?rest_route=\/wp\/v2\/posts\/12619\/revisions"}],"wp:featuredmedia":[{"embeddable":true,"href":"https:\/\/archive.sana.sy\/tr\/index.php?rest_route=\/wp\/v2\/media\/12620"}],"wp:attachment":[{"href":"https:\/\/archive.sana.sy\/tr\/index.php?rest_route=%2Fwp%2Fv2%2Fmedia&parent=12619"}],"wp:term":[{"taxonomy":"category","embeddable":true,"href":"https:\/\/archive.sana.sy\/tr\/index.php?rest_route=%2Fwp%2Fv2%2Fcategories&post=12619"},{"taxonomy":"post_tag","embeddable":true,"href":"https:\/\/archive.sana.sy\/tr\/index.php?rest_route=%2Fwp%2Fv2%2Ftags&post=12619"}],"curies":[{"name":"wp","href":"https:\/\/api.w.org\/{rel}","templated":true}]}}