{"id":12624,"date":"2014-10-11T23:27:37","date_gmt":"2014-10-11T20:27:37","guid":{"rendered":"http:\/\/www.sanasyria.org\/tr\/?p=12624"},"modified":"2014-10-12T15:54:49","modified_gmt":"2014-10-12T12:54:49","slug":"ayn-terma-vadisi-tamamen-ordunun-kontrolunde","status":"publish","type":"post","link":"https:\/\/archive.sana.sy\/tr\/?p=12624","title":{"rendered":"Kahramanlar\u0131m\u0131z \u015eam ve Halep K\u0131rsallar\u0131nda Bir \u00c7ok B\u00f6lgeyi Kontrollerine Ald\u0131"},"content":{"rendered":"<p>\u0130LLER \u2013 Vatan koruyucular\u0131 ordu birliklerimiz \u015eam k\u0131rsal\u0131 Ayn Terma Vadisini tamamen ter\u00f6r \u00e7etelerden temizleyerek g\u00fcvenlik ve kontrol\u00fc eline ge\u00e7irdi.<\/p>\n<p>Askeri kaynak ordu birliklerimizin operasyonlarda \u00e7ok say\u0131da ter\u00f6risti \u00f6l\u00fc yaral\u0131 ele ge\u00e7irdiklerini aktar\u0131rken, ter\u00f6ristlerin b\u00f6lgede yerle\u015ftirdikleri bomba d\u00fczeneklerinin etkisizle\u015ftirilmesi operasyonunun ba\u015flat\u0131ld\u0131\u011f\u0131n\u0131 s\u00f6yledi.<\/p>\n<p>Kaynak b\u00f6lgede ter\u00f6ristlerin kulland\u0131klar\u0131 \u00e7ok say\u0131da t\u00fcnelin ele ge\u00e7irildi\u011fini s\u00f6yledi.<\/p>\n<p>Kahraman ordu birliklerimiz b\u00fct\u00fcn d\u00fcnyaya emsal olduklar\u0131 direni\u015fleri ve m\u00fccadeleleriyle ter\u00f6r kar\u015f\u0131s\u0131nda zafer \u00fcst\u00fcne zafer kazanmaya devam ediyorlar.<\/p>\n<p>\u015eam K\u0131rsal\u0131nda Do\u011fu \u011euta b\u00f6lgesinin g\u00fcney kesiminde s\u00fcren ba\u015far\u0131l\u0131 operasyonlar sonucunda kahraman birliklerimiz, Vadi Ayn Terma b\u00f6lgesinde bulunan b\u00fct\u00fcn ter\u00f6r gruplar\u0131n\u0131 tamamen bertaraf etmeyi ba\u015fard\u0131lar.<\/p>\n<p>Son s\u00fcr\u00e7te silahl\u0131 ter\u00f6r gruplar\u0131n\u0131n halk\u0131 hedef alan havan sald\u0131r\u0131lar\u0131yla g\u00fcndemde yer alan Vadi Ayn Terma b\u00f6lgesi kahraman birliklerimizin destans\u0131 direni\u015fi sayesinde bug\u00fcn g\u00fcvenli b\u00f6lge olarak ilan edildi.<\/p>\n<p>\u015eafak s\u00f6kmeden saat 03\u2019te Vadi Ayn Terma b\u00f6lgesine g\u00fcney, do\u011fu ve bat\u0131 y\u00f6nlerinden girerek silahl\u0131 ter\u00f6r gruplar\u0131n\u0131 kendi inlerinde ve yuvalar\u0131nda basmaya ba\u015flayan kahraman birliklerimiz iki saat s\u00fcren bir operasyonla b\u00f6lgede bulunan b\u00fct\u00fcn ter\u00f6ristleri bertaraf etmeyi ba\u015fard\u0131lar.<\/p>\n<p>Vadi Ayn Terma b\u00f6lgesinin ter\u00f6ristlerden temizlenmesi zaferi, Ayn Terma el Belde\u2019den gelecek ter\u00f6rist, lojistik ve silah deste\u011fi yolunun kesilmesiyle Do\u011fu \u011euta b\u00f6lgesini \u00e7evreleyen b\u00f6lgelerin t\u00fcm\u00fcn\u00fcn yak\u0131nda kahraman birliklerimizin kontrol\u00fcnde olaca\u011f\u0131n\u0131n da m\u00fcjdesi oldu.<\/p>\n<p>Vadi Ayn Terma zaferiyle Ayn Terma Beled\u2019te askeri \u00fcst\u00fcnl\u00fck art\u0131k kahraman birliklerimizin elinde. Bu askeri \u00fcst\u00fcnl\u00fckle \u015eam\u2019a yakla\u015fan b\u00fct\u00fcn ter\u00f6r art\u0131klar\u0131n\u0131n temizlenmesi an meselesi haline geldi.<\/p>\n<p>G\u00fcvenli\u011fi sa\u011flanan Vadi Ayn Terma b\u00f6lgesinde yap\u0131lan arama tarama \u00e7al\u0131\u015fmalar\u0131 s\u0131ras\u0131nda b\u00f6lgeden Dehhaniye Semtine uzanan bir\u00e7ok t\u00fcnel ortaya \u00e7\u0131kart\u0131larak imha edilirken Duvelyaa b\u00f6lgesi y\u00f6n\u00fcnde hen\u00fcz kaz\u0131s\u0131 tamamlanmam\u0131\u015f bir t\u00fcnel ortaya \u00e7\u0131kart\u0131ld\u0131.<\/p>\n<p><span style=\"color: #0000ff\">Ordu Birlikleri Halep K\u0131rsal\u0131nda Bir\u00e7ok K\u00f6yde G\u00fcvenli\u011fi Sa\u011flad\u0131<\/span><\/p>\n<p>\u00d6te yandan askeri kaynak ordu birliklerimizin Halep k\u0131rsal\u0131nda tekfirci ve kiral\u0131k ter\u00f6r \u00e7etelere y\u00f6nelik ba\u015far\u0131lar\u0131n\u0131 s\u00fcrd\u00fcrd\u00fc\u011f\u00fcn\u00fc belirtirken, bir\u00e7ok k\u00f6y ve beldenin ordu kontrol\u00fcne ge\u00e7ti\u011fini aktard\u0131.<\/p>\n<p>G\u00fcvenlik ve kontrol\u00fcn ele ge\u00e7irilip vatanda\u015flar\u0131n can ve mal g\u00fcvenli\u011finin sa\u011fland\u0131\u011f\u0131 k\u00f6y beldeler aras\u0131nda Mzaria, Ba\u015fkuva, Um el Cirin, Ka\u015futa, Vaviye, Barazaniye, resm el Hulu, Deyman, Resm el \u015eeyh ve Hseyniye\u2019nin yer ald\u0131\u011f\u0131n\u0131 aktaran kaynak; ordu birliklerimizin ayn\u0131 zamanda Su Da\u011f\u0131t\u0131m \u00dcnitesi ve savunma fabrikalar\u0131 b\u00f6lgesinin de tamamen ordunun kontrol\u00fcne ge\u00e7ti\u011fini belirtti.<\/p>\n<p>Kaynak operasyonlarda ordu birliklerimizin olduk\u00e7a y\u00fcksek say\u0131da ter\u00f6rist \u00f6l\u00fc yaral\u0131 ele ge\u00e7irdiklerini, bunlar\u0131n aras\u0131nda da az\u0131l\u0131 ele ba\u015flar\u0131 ve yabanc\u0131lar\u0131n bulundu\u011funa dikkat \u00e7ekti.<\/p>\n<p>Ayn Terma Vadisi operasyonlar\u0131ndan kareler&#8230;<\/p>\n<p><a href=\"http:\/\/www.youtube.com\/watch?v=7dtmcj2fzvE\">www.youtube.com\/watch?v=7dtmcj2fzvE<\/a><\/p>\n","protected":false},"excerpt":{"rendered":"<p>\u0130LLER \u2013 Vatan koruyucular\u0131 ordu birliklerimiz \u015eam k\u0131rsal\u0131 Ayn Terma Vadisini tamamen ter\u00f6r \u00e7etelerden temizleyerek g\u00fcvenlik ve kontrol\u00fc eline ge\u00e7irdi. Askeri kaynak ordu birliklerimizin operasyonlarda \u00e7ok say\u0131da ter\u00f6risti \u00f6l\u00fc yaral\u0131 ele ge\u00e7irdiklerini aktar\u0131rken, ter\u00f6ristlerin b\u00f6lgede yerle\u015ftirdikleri bomba d\u00fczeneklerinin etkisizle\u015ftirilmesi operasyonunun ba\u015flat\u0131ld\u0131\u011f\u0131n\u0131 s\u00f6yledi. Kaynak b\u00f6lgede ter\u00f6ristlerin kulland\u0131klar\u0131 \u00e7ok say\u0131da t\u00fcnelin ele ge\u00e7irildi\u011fini s\u00f6yledi. Kahraman ordu birliklerimiz &hellip;<\/p>\n","protected":false},"author":1,"featured_media":12690,"comment_status":"closed","ping_status":"closed","sticky":false,"template":"","format":"standard","meta":{"footnotes":""},"categories":[575],"tags":[3353,3354],"class_list":["post-12624","post","type-post","status-publish","format-standard","has-post-thumbnail","","category-olaylar-ve-gercekler","tag-ayn-terma-vadisi-tamamen-ordunun-kontrolunde-sam-kirsali-vatan-koruyuculari-ordu-birliklerimiz-sam-kirsali-ayn-terma-vadisini-tamamen-teror-cetelerden-temizleyerek-guvenlik-ve-kontrolu-eline","tag-teroristlerin-bolgede-yerlestirdikleri-bomba-duzeneklerinin-etkisizlestirilmesi-operasyonunun-baslatildigini-soyledi-kaynak-bolgede-teroristlerin-kullandiklari-cok-sayida-tunelin-ele-gecirildigini-so"],"_links":{"self":[{"href":"https:\/\/archive.sana.sy\/tr\/index.php?rest_route=\/wp\/v2\/posts\/12624","targetHints":{"allow":["GET"]}}],"collection":[{"href":"https:\/\/archive.sana.sy\/tr\/index.php?rest_route=\/wp\/v2\/posts"}],"about":[{"href":"https:\/\/archive.sana.sy\/tr\/index.php?rest_route=\/wp\/v2\/types\/post"}],"author":[{"embeddable":true,"href":"https:\/\/archive.sana.sy\/tr\/index.php?rest_route=\/wp\/v2\/users\/1"}],"replies":[{"embeddable":true,"href":"https:\/\/archive.sana.sy\/tr\/index.php?rest_route=%2Fwp%2Fv2%2Fcomments&post=12624"}],"version-history":[{"count":0,"href":"https:\/\/archive.sana.sy\/tr\/index.php?rest_route=\/wp\/v2\/posts\/12624\/revisions"}],"wp:featuredmedia":[{"embeddable":true,"href":"https:\/\/archive.sana.sy\/tr\/index.php?rest_route=\/wp\/v2\/media\/12690"}],"wp:attachment":[{"href":"https:\/\/archive.sana.sy\/tr\/index.php?rest_route=%2Fwp%2Fv2%2Fmedia&parent=12624"}],"wp:term":[{"taxonomy":"category","embeddable":true,"href":"https:\/\/archive.sana.sy\/tr\/index.php?rest_route=%2Fwp%2Fv2%2Fcategories&post=12624"},{"taxonomy":"post_tag","embeddable":true,"href":"https:\/\/archive.sana.sy\/tr\/index.php?rest_route=%2Fwp%2Fv2%2Ftags&post=12624"}],"curies":[{"name":"wp","href":"https:\/\/api.w.org\/{rel}","templated":true}]}}