{"id":126278,"date":"2017-10-09T14:13:14","date_gmt":"2017-10-09T11:13:14","guid":{"rendered":"http:\/\/www.sana.sy\/tr\/?p=126278"},"modified":"2017-10-11T15:04:40","modified_gmt":"2017-10-11T12:04:40","slug":"karate-sampiyonumuz-bronz-madalya-kazandi","status":"publish","type":"post","link":"https:\/\/archive.sana.sy\/tr\/?p=126278","title":{"rendered":"Karate \u015eampiyonumuz Bronz Madalya Kazand\u0131"},"content":{"rendered":"<p>BUDAPE\u015eTE \u2013 Karate \u015fampiyonumuz Muhammed Hasna Babilleli Bulgaristan\u2019\u0131n ev sahipli\u011finde 42 \u00fclkenin kat\u0131l\u0131m\u0131yla d\u00fczenlenen D\u00fcnya K\u0131demli Shotokan Karate \u015eampiyonas\u0131nda bronz madalya kazand\u0131.<\/p>\n<p>57 ya\u015flar\u0131ndaki \u015fampiyonumuz Babilleli ferdi yar\u0131\u015fmalarda ard\u0131 ard\u0131na ikinci y\u0131l bronz madalya kazanm\u0131\u015f oldu.<\/p>\n<p>Babilleli bas\u0131n a\u00e7\u0131klamalar\u0131nda; Suriye&#8217;nin \u015fanl\u0131 bayra\u011f\u0131n\u0131 uluslar aras\u0131 \u015fampiyonada bir kez daha dalgaland\u0131rmaktan b\u00fcy\u00fck bir onur duydu\u011funu ifade etti.<\/p>\n","protected":false},"excerpt":{"rendered":"<p>BUDAPE\u015eTE \u2013 Karate \u015fampiyonumuz Muhammed Hasna Babilleli Bulgaristan\u2019\u0131n ev sahipli\u011finde 42 \u00fclkenin kat\u0131l\u0131m\u0131yla d\u00fczenlenen D\u00fcnya K\u0131demli Shotokan Karate \u015eampiyonas\u0131nda bronz madalya kazand\u0131. 57 ya\u015flar\u0131ndaki \u015fampiyonumuz Babilleli ferdi yar\u0131\u015fmalarda ard\u0131 ard\u0131na ikinci y\u0131l bronz madalya kazanm\u0131\u015f oldu. Babilleli bas\u0131n a\u00e7\u0131klamalar\u0131nda; Suriye&#8217;nin \u015fanl\u0131 bayra\u011f\u0131n\u0131 uluslar aras\u0131 \u015fampiyonada bir kez daha dalgaland\u0131rmaktan b\u00fcy\u00fck bir onur duydu\u011funu ifade etti.<\/p>\n","protected":false},"author":1,"featured_media":126279,"comment_status":"closed","ping_status":"closed","sticky":false,"template":"","format":"standard","meta":{"footnotes":""},"categories":[498,17988,496],"tags":[32726,32727,32725,16591,29226,22181],"class_list":["post-126278","post","type-post","status-publish","format-standard","has-post-thumbnail","","category-dunya-turnuvalari","category-son-haberler","category-spor","tag-dunya-sampiyonasi","tag-dunya-shotokan-karate-sampiyonasi","tag-karate-sampiyonu","tag-suriye","tag-suriyeli-sporcular","tag-suriyeliler"],"_links":{"self":[{"href":"https:\/\/archive.sana.sy\/tr\/index.php?rest_route=\/wp\/v2\/posts\/126278","targetHints":{"allow":["GET"]}}],"collection":[{"href":"https:\/\/archive.sana.sy\/tr\/index.php?rest_route=\/wp\/v2\/posts"}],"about":[{"href":"https:\/\/archive.sana.sy\/tr\/index.php?rest_route=\/wp\/v2\/types\/post"}],"author":[{"embeddable":true,"href":"https:\/\/archive.sana.sy\/tr\/index.php?rest_route=\/wp\/v2\/users\/1"}],"replies":[{"embeddable":true,"href":"https:\/\/archive.sana.sy\/tr\/index.php?rest_route=%2Fwp%2Fv2%2Fcomments&post=126278"}],"version-history":[{"count":0,"href":"https:\/\/archive.sana.sy\/tr\/index.php?rest_route=\/wp\/v2\/posts\/126278\/revisions"}],"wp:featuredmedia":[{"embeddable":true,"href":"https:\/\/archive.sana.sy\/tr\/index.php?rest_route=\/wp\/v2\/media\/126279"}],"wp:attachment":[{"href":"https:\/\/archive.sana.sy\/tr\/index.php?rest_route=%2Fwp%2Fv2%2Fmedia&parent=126278"}],"wp:term":[{"taxonomy":"category","embeddable":true,"href":"https:\/\/archive.sana.sy\/tr\/index.php?rest_route=%2Fwp%2Fv2%2Fcategories&post=126278"},{"taxonomy":"post_tag","embeddable":true,"href":"https:\/\/archive.sana.sy\/tr\/index.php?rest_route=%2Fwp%2Fv2%2Ftags&post=126278"}],"curies":[{"name":"wp","href":"https:\/\/api.w.org\/{rel}","templated":true}]}}