{"id":126285,"date":"2017-10-09T10:04:28","date_gmt":"2017-10-09T07:04:28","guid":{"rendered":"http:\/\/www.sana.sy\/tr\/?p=126285"},"modified":"2017-10-10T12:31:20","modified_gmt":"2017-10-10T09:31:20","slug":"uzman-komiteler-calismalarini-surduruyor","status":"publish","type":"post","link":"https:\/\/archive.sana.sy\/tr\/?p=126285","title":{"rendered":"Uzman Komiteler \u00c7al\u0131\u015fmalar\u0131n\u0131 S\u00fcrd\u00fcr\u00fcyor"},"content":{"rendered":"<p>SO\u00c7\u0130 \u2013 Ba\u015fbakan Yard\u0131mc\u0131s\u0131 D\u0131\u015fi\u015fleri ve Gurbet\u00e7iler Bakan\u0131 Velid Muallim ba\u015fkanl\u0131\u011f\u0131ndaki Suriye heyeti; Rusya&#8217;n\u0131n So\u00e7i Kentinde Suriye Rusya karma ekonomi, ticaret, bilimsel ve teknik komitesi toplant\u0131lar\u0131 kapsam\u0131nda uzmanlar d\u00fczeyinde \u00e7al\u0131\u015fmalar\u0131n\u0131 ikinci g\u00fcn\u00fcnde s\u00fcrd\u00fcr\u00fcyor.<\/p>\n<p>Uzmanlar d\u00fczeyindeki komiteler yar\u0131n Muallim ve Rusya Ba\u015fbakan Yard\u0131mc\u0131s\u0131 Dmitry Rogozin taraf\u0131ndan imzalanmas\u0131 beklenen 10. devre protokol\u00fcn\u00fc haz\u0131rl\u0131yor.<\/p>\n<p>Suriye ve Rusya\u2019da muhtelif bakanl\u0131klar ve kamu kurumlar\u0131 temsilcilerinin yan\u0131 s\u0131ra iki \u00fclkeden i\u015fadamlar\u0131ndan olu\u015fan teknik uzmanlar toplant\u0131lar\u0131nda Rusya&#8217;n\u0131n Suriye&#8217;deki yat\u0131r\u0131mlar\u0131n\u0131 geni\u015fletmekle birlikte ter\u00f6r nedeniyle sabote edilen altyap\u0131 ve hizmet kurumlar\u0131n\u0131 yeniden yap\u0131land\u0131rma s\u00fcrecine katk\u0131s\u0131 \u00fczerine odaklan\u0131ld\u0131.<\/p>\n","protected":false},"excerpt":{"rendered":"<p>SO\u00c7\u0130 \u2013 Ba\u015fbakan Yard\u0131mc\u0131s\u0131 D\u0131\u015fi\u015fleri ve Gurbet\u00e7iler Bakan\u0131 Velid Muallim ba\u015fkanl\u0131\u011f\u0131ndaki Suriye heyeti; Rusya&#8217;n\u0131n So\u00e7i Kentinde Suriye Rusya karma ekonomi, ticaret, bilimsel ve teknik komitesi toplant\u0131lar\u0131 kapsam\u0131nda uzmanlar d\u00fczeyinde \u00e7al\u0131\u015fmalar\u0131n\u0131 ikinci g\u00fcn\u00fcnde s\u00fcrd\u00fcr\u00fcyor. Uzmanlar d\u00fczeyindeki komiteler yar\u0131n Muallim ve Rusya Ba\u015fbakan Yard\u0131mc\u0131s\u0131 Dmitry Rogozin taraf\u0131ndan imzalanmas\u0131 beklenen 10. devre protokol\u00fcn\u00fc haz\u0131rl\u0131yor. Suriye ve Rusya\u2019da muhtelif &hellip;<\/p>\n","protected":false},"author":1,"featured_media":126288,"comment_status":"closed","ping_status":"closed","sticky":false,"template":"","format":"standard","meta":{"footnotes":""},"categories":[458,485,486,459,17988],"tags":[11348,6510,16591],"class_list":["post-126285","post","type-post","status-publish","format-standard","has-post-thumbnail","","category-dunya1","category-is-ve-sermaye","category-haberler-is-ve-sermaye","category-haberler-arap-uluslararasi-politika","category-son-haberler","tag-basbakan-yardimcisi-disisleri-ve-gurbetciler-bakani-velid-muallim","tag-ekonomi-2","tag-suriye"],"_links":{"self":[{"href":"https:\/\/archive.sana.sy\/tr\/index.php?rest_route=\/wp\/v2\/posts\/126285","targetHints":{"allow":["GET"]}}],"collection":[{"href":"https:\/\/archive.sana.sy\/tr\/index.php?rest_route=\/wp\/v2\/posts"}],"about":[{"href":"https:\/\/archive.sana.sy\/tr\/index.php?rest_route=\/wp\/v2\/types\/post"}],"author":[{"embeddable":true,"href":"https:\/\/archive.sana.sy\/tr\/index.php?rest_route=\/wp\/v2\/users\/1"}],"replies":[{"embeddable":true,"href":"https:\/\/archive.sana.sy\/tr\/index.php?rest_route=%2Fwp%2Fv2%2Fcomments&post=126285"}],"version-history":[{"count":0,"href":"https:\/\/archive.sana.sy\/tr\/index.php?rest_route=\/wp\/v2\/posts\/126285\/revisions"}],"wp:featuredmedia":[{"embeddable":true,"href":"https:\/\/archive.sana.sy\/tr\/index.php?rest_route=\/wp\/v2\/media\/126288"}],"wp:attachment":[{"href":"https:\/\/archive.sana.sy\/tr\/index.php?rest_route=%2Fwp%2Fv2%2Fmedia&parent=126285"}],"wp:term":[{"taxonomy":"category","embeddable":true,"href":"https:\/\/archive.sana.sy\/tr\/index.php?rest_route=%2Fwp%2Fv2%2Fcategories&post=126285"},{"taxonomy":"post_tag","embeddable":true,"href":"https:\/\/archive.sana.sy\/tr\/index.php?rest_route=%2Fwp%2Fv2%2Ftags&post=126285"}],"curies":[{"name":"wp","href":"https:\/\/api.w.org\/{rel}","templated":true}]}}