{"id":126343,"date":"2017-10-10T12:48:54","date_gmt":"2017-10-10T09:48:54","guid":{"rendered":"http:\/\/www.sana.sy\/tr\/?p=126343"},"modified":"2017-10-11T14:59:31","modified_gmt":"2017-10-11T11:59:31","slug":"kameraman-sehit-dustu","status":"publish","type":"post","link":"https:\/\/archive.sana.sy\/tr\/?p=126343","title":{"rendered":"Kameraman \u015eehit D\u00fc\u015ft\u00fc"},"content":{"rendered":"<p>HOMS \u2013 Homs \u0130linin do\u011fusunda I\u015e\u0130D\u2019ten kurtar\u0131lan b\u00f6lgelerde radikal \u00e7etelerin yok olmadan \u00f6nce yerle\u015ftirdikleri bir may\u0131n\u0131n patlamas\u0131 sonucunda Suriye Televizyonu kameramanlar\u0131ndan Muhammed Milad \u015fehit d\u00fc\u015ft\u00fc.<\/p>\n<p>Radikal ter\u00f6r \u00f6rg\u00fct\u00fc I\u015e\u0130D Suriye ordusu taraf\u0131ndan yok edilirken, bulundu\u011fu b\u00f6lgelerde ordunun ilerlemesini ve sivil vatanda\u015flar\u0131n evlerine ve i\u015flerine d\u00f6nmelerini engellemek amac\u0131yla \u00f6zel ve kamu m\u00fclklere y\u00fcksek say\u0131da bubi tuzaklar\u0131 ve may\u0131nlar yerle\u015ftiriyor.<\/p>\n","protected":false},"excerpt":{"rendered":"<p>HOMS \u2013 Homs \u0130linin do\u011fusunda I\u015e\u0130D\u2019ten kurtar\u0131lan b\u00f6lgelerde radikal \u00e7etelerin yok olmadan \u00f6nce yerle\u015ftirdikleri bir may\u0131n\u0131n patlamas\u0131 sonucunda Suriye Televizyonu kameramanlar\u0131ndan Muhammed Milad \u015fehit d\u00fc\u015ft\u00fc. Radikal ter\u00f6r \u00f6rg\u00fct\u00fc I\u015e\u0130D Suriye ordusu taraf\u0131ndan yok edilirken, bulundu\u011fu b\u00f6lgelerde ordunun ilerlemesini ve sivil vatanda\u015flar\u0131n evlerine ve i\u015flerine d\u00f6nmelerini engellemek amac\u0131yla \u00f6zel ve kamu m\u00fclklere y\u00fcksek say\u0131da bubi tuzaklar\u0131 &hellip;<\/p>\n","protected":false},"author":1,"featured_media":126344,"comment_status":"closed","ping_status":"closed","sticky":false,"template":"","format":"standard","meta":{"footnotes":""},"categories":[479,575,17988,478],"tags":[18237,18576,18577,1293,2318,32747,32748,16591,31580,22181],"class_list":["post-126343","post","type-post","status-publish","format-standard","has-post-thumbnail","","category-haberler-yerel","category-olaylar-ve-gercekler","category-son-haberler","category-yerel","tag-cihatcilar","tag-daes","tag-deas","tag-homs","tag-isid","tag-kameraman","tag-mayin-opatlasi","tag-suriye","tag-suriye-televizyonu","tag-suriyeliler"],"_links":{"self":[{"href":"https:\/\/archive.sana.sy\/tr\/index.php?rest_route=\/wp\/v2\/posts\/126343","targetHints":{"allow":["GET"]}}],"collection":[{"href":"https:\/\/archive.sana.sy\/tr\/index.php?rest_route=\/wp\/v2\/posts"}],"about":[{"href":"https:\/\/archive.sana.sy\/tr\/index.php?rest_route=\/wp\/v2\/types\/post"}],"author":[{"embeddable":true,"href":"https:\/\/archive.sana.sy\/tr\/index.php?rest_route=\/wp\/v2\/users\/1"}],"replies":[{"embeddable":true,"href":"https:\/\/archive.sana.sy\/tr\/index.php?rest_route=%2Fwp%2Fv2%2Fcomments&post=126343"}],"version-history":[{"count":0,"href":"https:\/\/archive.sana.sy\/tr\/index.php?rest_route=\/wp\/v2\/posts\/126343\/revisions"}],"wp:featuredmedia":[{"embeddable":true,"href":"https:\/\/archive.sana.sy\/tr\/index.php?rest_route=\/wp\/v2\/media\/126344"}],"wp:attachment":[{"href":"https:\/\/archive.sana.sy\/tr\/index.php?rest_route=%2Fwp%2Fv2%2Fmedia&parent=126343"}],"wp:term":[{"taxonomy":"category","embeddable":true,"href":"https:\/\/archive.sana.sy\/tr\/index.php?rest_route=%2Fwp%2Fv2%2Fcategories&post=126343"},{"taxonomy":"post_tag","embeddable":true,"href":"https:\/\/archive.sana.sy\/tr\/index.php?rest_route=%2Fwp%2Fv2%2Ftags&post=126343"}],"curies":[{"name":"wp","href":"https:\/\/api.w.org\/{rel}","templated":true}]}}