{"id":126346,"date":"2017-10-10T13:01:51","date_gmt":"2017-10-10T10:01:51","guid":{"rendered":"http:\/\/www.sana.sy\/tr\/?p=126346"},"modified":"2017-10-11T14:59:24","modified_gmt":"2017-10-11T11:59:24","slug":"iraktan-suriyeye-girdikleri-goruntulerle-tespit-edildi","status":"publish","type":"post","link":"https:\/\/archive.sana.sy\/tr\/?p=126346","title":{"rendered":"Irak\u2019tan Suriye&#8217;ye Girdikleri G\u00f6r\u00fcnt\u00fclerle Tespit Edildi"},"content":{"rendered":"<p>MOSKOVA \u2013 Rusya Savunma Bakanl\u0131\u011f\u0131; Irak\u2019tan Suriye&#8217;ye aralar\u0131nda yabanc\u0131lar\u0131n bulundu\u011fu I\u015e\u0130D\u2019li ter\u00f6r gruplar\u0131n aktar\u0131ld\u0131klar\u0131n\u0131n g\u00f6r\u00fcnt\u00fclerle tespit edildi\u011fini belirtti.<\/p>\n<p>ABD ve koalisyonunun bu radikal ter\u00f6r \u00f6rg\u00fcte kar\u015f\u0131 operasyonlar\u0131n\u0131 ciddi bir \u015fekilde azaltt\u0131\u011f\u0131n\u0131 belirtti.<\/p>\n<p>Rus bakanl\u0131\u011f\u0131n resmi s\u00f6zc\u00fcs\u00fc General Igor Konashenkov; Suriye ordusunun Deyrezzor \u0130lini I\u015e\u0130D\u2019ten kurtarma operasyonlar\u0131na e\u015f zamanl\u0131 olarak ABD koalisyonunun I\u015e\u0130D\u2019e kar\u015f\u0131 operasyonlar\u0131n\u0131 ciddi \u015fekilde azaltt\u0131\u011f\u0131n\u0131n da g\u00f6zlendi\u011fine dikkat \u00e7ekti. Konashenkov; bunun paralelinde de Rus hava g\u00fc\u00e7lerinin Deyrezzor \u0130line tabi Meyadin Kentinde I\u015e\u0130D\u2019e kar\u015f\u0131 her g\u00fcn 150\u2019den fazla hava operasyonu ger\u00e7ekle\u015ftirdiklerini s\u00f6yledi.<\/p>\n<p>Konashenkov Rusya Savunma Bakanl\u0131\u011f\u0131n\u0131n Irak\u2019tan Suriye&#8217;ye aralar\u0131nda yabanc\u0131lar\u0131n bulundu\u011fu \u00e7ok say\u0131da ter\u00f6ristin aktar\u0131ld\u0131\u011f\u0131n\u0131 g\u00f6r\u00fcnt\u00fclerle tespit etti\u011fine vurgu yaparken, bunun da ABD koalisyonunun ter\u00f6re kar\u015f\u0131 operasyonlar\u0131n\u0131n hedefi konusunda ciddi soru i\u015faretleri yaratt\u0131\u011f\u0131n\u0131n alt\u0131n\u0131 \u00e7izdi.<\/p>\n<p>I\u015e\u0130D\u2019in Irak\u2019\u0131n bat\u0131s\u0131nda g\u00fc\u00e7lendi\u011fini ve kontrol\u00fc alt\u0131ndaki b\u00f6lgeleri geni\u015fletti\u011fine dikkat \u00e7eken Konashenkov; Irak\u2019ta I\u015e\u0130D\u2019e kar\u015f\u0131 sava\u015ft\u0131\u011f\u0131n\u0131 iddia eden ABD koalisyonunun bu iddialar\u0131ndaki ciddiyetini sorgulad\u0131.<\/p>\n<p>Konashenkov; ABD koalisyonunun Irak\u2019ta I\u015e\u0130D\u2019in Suriye&#8217;ye girmesi i\u00e7in yol a\u00e7t\u0131\u011f\u0131n\u0131, ayn\u0131 zamanda Suriye&#8217;de Suriye ordusunun bu radikal \u00f6rg\u00fcte kar\u015f\u0131 operasyonlar\u0131n\u0131 engelledi\u011fine i\u015faret etti.<\/p>\n","protected":false},"excerpt":{"rendered":"<p>MOSKOVA \u2013 Rusya Savunma Bakanl\u0131\u011f\u0131; Irak\u2019tan Suriye&#8217;ye aralar\u0131nda yabanc\u0131lar\u0131n bulundu\u011fu I\u015e\u0130D\u2019li ter\u00f6r gruplar\u0131n aktar\u0131ld\u0131klar\u0131n\u0131n g\u00f6r\u00fcnt\u00fclerle tespit edildi\u011fini belirtti. ABD ve koalisyonunun bu radikal ter\u00f6r \u00f6rg\u00fcte kar\u015f\u0131 operasyonlar\u0131n\u0131 ciddi bir \u015fekilde azaltt\u0131\u011f\u0131n\u0131 belirtti. Rus bakanl\u0131\u011f\u0131n resmi s\u00f6zc\u00fcs\u00fc General Igor Konashenkov; Suriye ordusunun Deyrezzor \u0130lini I\u015e\u0130D\u2019ten kurtarma operasyonlar\u0131na e\u015f zamanl\u0131 olarak ABD koalisyonunun I\u015e\u0130D\u2019e kar\u015f\u0131 operasyonlar\u0131n\u0131 ciddi &hellip;<\/p>\n","protected":false},"author":1,"featured_media":126348,"comment_status":"closed","ping_status":"closed","sticky":false,"template":"","format":"standard","meta":{"footnotes":""},"categories":[458,459,17988],"tags":[19160,18576,18577,2318,24011,16592,20390,16591,2517],"class_list":["post-126346","post","type-post","status-publish","format-standard","has-post-thumbnail","","category-dunya1","category-haberler-arap-uluslararasi-politika","category-son-haberler","tag-abd-koalisyonu","tag-daes","tag-deas","tag-isid","tag-iside-karsi-savas","tag-rusya","tag-rusya-savunma-baknaligi","tag-suriye","tag-uluslararasi-koalisyon"],"_links":{"self":[{"href":"https:\/\/archive.sana.sy\/tr\/index.php?rest_route=\/wp\/v2\/posts\/126346","targetHints":{"allow":["GET"]}}],"collection":[{"href":"https:\/\/archive.sana.sy\/tr\/index.php?rest_route=\/wp\/v2\/posts"}],"about":[{"href":"https:\/\/archive.sana.sy\/tr\/index.php?rest_route=\/wp\/v2\/types\/post"}],"author":[{"embeddable":true,"href":"https:\/\/archive.sana.sy\/tr\/index.php?rest_route=\/wp\/v2\/users\/1"}],"replies":[{"embeddable":true,"href":"https:\/\/archive.sana.sy\/tr\/index.php?rest_route=%2Fwp%2Fv2%2Fcomments&post=126346"}],"version-history":[{"count":0,"href":"https:\/\/archive.sana.sy\/tr\/index.php?rest_route=\/wp\/v2\/posts\/126346\/revisions"}],"wp:featuredmedia":[{"embeddable":true,"href":"https:\/\/archive.sana.sy\/tr\/index.php?rest_route=\/wp\/v2\/media\/126348"}],"wp:attachment":[{"href":"https:\/\/archive.sana.sy\/tr\/index.php?rest_route=%2Fwp%2Fv2%2Fmedia&parent=126346"}],"wp:term":[{"taxonomy":"category","embeddable":true,"href":"https:\/\/archive.sana.sy\/tr\/index.php?rest_route=%2Fwp%2Fv2%2Fcategories&post=126346"},{"taxonomy":"post_tag","embeddable":true,"href":"https:\/\/archive.sana.sy\/tr\/index.php?rest_route=%2Fwp%2Fv2%2Ftags&post=126346"}],"curies":[{"name":"wp","href":"https:\/\/api.w.org\/{rel}","templated":true}]}}