{"id":126383,"date":"2017-10-10T16:25:59","date_gmt":"2017-10-10T13:25:59","guid":{"rendered":"http:\/\/www.sana.sy\/tr\/?p=126383"},"modified":"2017-10-10T16:25:59","modified_gmt":"2017-10-10T13:25:59","slug":"savunma-bakanligi-abd-ve-koalisyonunun-yani-sira-israilin-isid-ve-diger-teror-orgutlere-desteklerini-kanitlayan-goruntuler-yayinladi","status":"publish","type":"post","link":"https:\/\/archive.sana.sy\/tr\/?p=126383","title":{"rendered":"Savunma Bakanl\u0131\u011f\u0131 ABD ve Koalisyonunun yan\u0131 s\u0131ra \u0130srail\u2019in I\u015e\u0130D ve di\u011fer ter\u00f6r \u00f6rg\u00fctlere desteklerini kan\u0131tlayan g\u00f6r\u00fcnt\u00fcler yay\u0131nlad\u0131"},"content":{"rendered":"<p>Savunma Bakanl\u0131\u011f\u0131 ABD ve Koalisyonunun yan\u0131 s\u0131ra \u0130srail\u2019in I\u015e\u0130D ve di\u011fer ter\u00f6r \u00f6rg\u00fctlere desteklerini kan\u0131tlayan g\u00f6r\u00fcnt\u00fcler yay\u0131nlad\u0131<\/p>\n<p>https:\/\/www.youtube.com\/watch?v=FQzQLdb1yjk<\/p>\n","protected":false},"excerpt":{"rendered":"<p>Savunma Bakanl\u0131\u011f\u0131 ABD ve Koalisyonunun yan\u0131 s\u0131ra \u0130srail\u2019in I\u015e\u0130D ve di\u011fer ter\u00f6r \u00f6rg\u00fctlere desteklerini kan\u0131tlayan g\u00f6r\u00fcnt\u00fcler yay\u0131nlad\u0131 https:\/\/www.youtube.com\/watch?v=FQzQLdb1yjk<\/p>\n","protected":false},"author":1,"featured_media":126442,"comment_status":"closed","ping_status":"closed","sticky":false,"template":"","format":"standard","meta":{"footnotes":""},"categories":[18295],"tags":[3464,2318,22518,30256,16591,19389,4076,32754],"class_list":["post-126383","post","type-post","status-publish","format-standard","has-post-thumbnail","","category-sana-video","tag-nusra-cephesi","tag-isid","tag-koalisyon-gucleri","tag-savunma-bakanligi","tag-suriye","tag-terore-destek","tag-terorle-mucadele","tag-uluslararasi-kaolisyon"],"_links":{"self":[{"href":"https:\/\/archive.sana.sy\/tr\/index.php?rest_route=\/wp\/v2\/posts\/126383","targetHints":{"allow":["GET"]}}],"collection":[{"href":"https:\/\/archive.sana.sy\/tr\/index.php?rest_route=\/wp\/v2\/posts"}],"about":[{"href":"https:\/\/archive.sana.sy\/tr\/index.php?rest_route=\/wp\/v2\/types\/post"}],"author":[{"embeddable":true,"href":"https:\/\/archive.sana.sy\/tr\/index.php?rest_route=\/wp\/v2\/users\/1"}],"replies":[{"embeddable":true,"href":"https:\/\/archive.sana.sy\/tr\/index.php?rest_route=%2Fwp%2Fv2%2Fcomments&post=126383"}],"version-history":[{"count":0,"href":"https:\/\/archive.sana.sy\/tr\/index.php?rest_route=\/wp\/v2\/posts\/126383\/revisions"}],"wp:featuredmedia":[{"embeddable":true,"href":"https:\/\/archive.sana.sy\/tr\/index.php?rest_route=\/wp\/v2\/media\/126442"}],"wp:attachment":[{"href":"https:\/\/archive.sana.sy\/tr\/index.php?rest_route=%2Fwp%2Fv2%2Fmedia&parent=126383"}],"wp:term":[{"taxonomy":"category","embeddable":true,"href":"https:\/\/archive.sana.sy\/tr\/index.php?rest_route=%2Fwp%2Fv2%2Fcategories&post=126383"},{"taxonomy":"post_tag","embeddable":true,"href":"https:\/\/archive.sana.sy\/tr\/index.php?rest_route=%2Fwp%2Fv2%2Ftags&post=126383"}],"curies":[{"name":"wp","href":"https:\/\/api.w.org\/{rel}","templated":true}]}}