{"id":12640,"date":"2014-10-11T12:50:44","date_gmt":"2014-10-11T09:50:44","guid":{"rendered":"http:\/\/www.sanasyria.org\/tr\/?p=12640"},"modified":"2014-10-12T13:32:55","modified_gmt":"2014-10-12T10:32:55","slug":"basbakan-sam-kirsalinda-saha-gezisinde-bulunuyor","status":"publish","type":"post","link":"https:\/\/archive.sana.sy\/tr\/?p=12640","title":{"rendered":"Ba\u015fbakan \u015eam K\u0131rsal\u0131nda Saha Gezisinde Bulunuyor"},"content":{"rendered":"<p>\u015eAM KIRSALI \u2013 Ba\u015fbakan Vail el Halaki, bug\u00fcn Cumhurba\u015fkan\u0131 Be\u015f\u015far el Esad\u2019\u0131n g\u00f6zetiminde \u015eam K\u0131rsal\u0131n\u0131n Yebrud Kentinde 150 milyon lira maliyetinde iki okul binas\u0131n\u0131 hizmete a\u00e7t\u0131.<\/p>\n<p>A\u00e7\u0131l\u0131\u015f t\u00f6reninin ard\u0131ndan Yebrud Kentinde ticari pazarlar\u0131 ve sanayi kurulu\u015flar\u0131n\u0131 ziyaret eden Halaki; Adra \u0130\u015f\u00e7i Konutlar\u0131 Kentinde silahl\u0131 ter\u00f6r gruplar\u0131n\u0131n d\u00fczenledikleri sald\u0131r\u0131lar sonucunda kamu ve \u00f6zel kurulu\u015flarda meydana gelen hasar\u0131 ve onar\u0131m \u00e7al\u0131\u015fmalar\u0131n\u0131n seyrini inceledi.<\/p>\n<p>Halaki; Yebrud Kentinde Sanayi B\u00f6lgesi ve Nedim Medhane ilkokullar\u0131 binalar\u0131n\u0131n a\u00e7\u0131l\u0131\u015f t\u00f6renin a\u00e7\u0131l\u0131\u015f\u0131nda h\u00fck\u00fcmetin yeni nesillere en iyi e\u011fitim olanaklar\u0131n\u0131 sunmaya b\u00fcy\u00fck \u00f6nem verdi\u011fini dile getirerek okullar\u0131m\u0131z\u0131n ve gelecek nesillerimizin karanl\u0131k ve tekfirci d\u00fc\u015f\u00fcnceler kar\u015f\u0131s\u0131nda her zaman g\u00fc\u00e7l\u00fc duracaklar\u0131n\u0131 belirtti.<\/p>\n<p>Ticari pazarlar\u0131 ve sanayi kurulu\u015flar\u0131n\u0131 ziyareti s\u0131ras\u0131nda da gazetecilere a\u00e7\u0131klamalarda bulunan Halaki; h\u00fck\u00fcmetin her zaman sanayinin kalk\u0131nmasn\u0131 ve geli\u015fmesini destekledi\u011fini dile getirerek \u00f6zellikle de tarihte sanayiye katk\u0131lar\u0131yla bilinen Yebrud kentinin ulusal sanayinin kalk\u0131nmas\u0131nda \u00f6zel bir yeri bulundu\u011funun alt\u0131n\u0131 \u00e7izdi.<\/p>\n<p>Adra \u0130\u015f\u00e7i Konutlar\u0131 kentinde hayat\u0131n \u00e7ok yak\u0131n bir zamanda yeniden normal seyrine d\u00f6nece\u011fini ifade eden Halaki; b\u00fct\u00fcn ter\u00f6r sald\u0131r\u0131lar\u0131na ra\u011fmen yeniden yap\u0131lanma s\u00fcrecine ba\u015flam\u0131\u015f kentler aras\u0131nda en \u00f6rnek kentin Yebrud kenti oldu\u011funu belirtti.<\/p>\n<p>Yebrud Kentinde ayr\u0131ca 6 okulun onar\u0131m\u0131n\u0131n tamamlanarak e\u011fitim \u00f6\u011fretim faaliyetlerine ba\u015flad\u0131\u011f\u0131n\u0131 ifade eden Halaki; kentte zarar g\u00f6ren konut, bina ve yollar\u0131n onar\u0131m\u0131 i\u00e7in gerekli incelemelerin ba\u015flat\u0131ld\u0131\u011f\u0131n\u0131n alt\u0131n\u0131 \u00e7izdi.<\/p>\n<div id='gallery-1' class='gallery galleryid-12640 gallery-columns-3 gallery-size-thumbnail'><figure class='gallery-item'>\n\t\t\t<div class='gallery-icon landscape'>\n\t\t\t\t<a href='https:\/\/archive.sana.sy\/tr\/wp-content\/uploads\/2014\/10\/Ba\u015fbakan-2.jpg'><img loading=\"lazy\" decoding=\"async\" width=\"150\" height=\"99\" src=\"https:\/\/archive.sana.sy\/tr\/wp-content\/uploads\/2014\/10\/Ba\u015fbakan-2-150x99.jpg\" class=\"attachment-thumbnail size-thumbnail\" alt=\"\" srcset=\"https:\/\/archive.sana.sy\/tr\/wp-content\/uploads\/2014\/10\/Ba\u015fbakan-2-150x99.jpg 150w, https:\/\/archive.sana.sy\/tr\/wp-content\/uploads\/2014\/10\/Ba\u015fbakan-2-300x199.jpg 300w, https:\/\/archive.sana.sy\/tr\/wp-content\/uploads\/2014\/10\/Ba\u015fbakan-2-1024x681.jpg 1024w\" sizes=\"auto, (max-width: 150px) 100vw, 150px\" \/><\/a>\n\t\t\t<\/div><\/figure><figure class='gallery-item'>\n\t\t\t<div class='gallery-icon landscape'>\n\t\t\t\t<a href='https:\/\/archive.sana.sy\/tr\/wp-content\/uploads\/2014\/10\/Ba\u015fbakan-3.jpg'><img loading=\"lazy\" decoding=\"async\" width=\"150\" height=\"99\" src=\"https:\/\/archive.sana.sy\/tr\/wp-content\/uploads\/2014\/10\/Ba\u015fbakan-3-150x99.jpg\" class=\"attachment-thumbnail size-thumbnail\" alt=\"\" srcset=\"https:\/\/archive.sana.sy\/tr\/wp-content\/uploads\/2014\/10\/Ba\u015fbakan-3-150x99.jpg 150w, https:\/\/archive.sana.sy\/tr\/wp-content\/uploads\/2014\/10\/Ba\u015fbakan-3-300x199.jpg 300w, https:\/\/archive.sana.sy\/tr\/wp-content\/uploads\/2014\/10\/Ba\u015fbakan-3-1024x681.jpg 1024w\" sizes=\"auto, (max-width: 150px) 100vw, 150px\" \/><\/a>\n\t\t\t<\/div><\/figure><figure class='gallery-item'>\n\t\t\t<div class='gallery-icon landscape'>\n\t\t\t\t<a href='https:\/\/archive.sana.sy\/tr\/wp-content\/uploads\/2014\/10\/Ba\u015fbakan-4.jpg'><img loading=\"lazy\" decoding=\"async\" width=\"150\" height=\"99\" src=\"https:\/\/archive.sana.sy\/tr\/wp-content\/uploads\/2014\/10\/Ba\u015fbakan-4-150x99.jpg\" class=\"attachment-thumbnail size-thumbnail\" alt=\"\" srcset=\"https:\/\/archive.sana.sy\/tr\/wp-content\/uploads\/2014\/10\/Ba\u015fbakan-4-150x99.jpg 150w, https:\/\/archive.sana.sy\/tr\/wp-content\/uploads\/2014\/10\/Ba\u015fbakan-4-300x199.jpg 300w, https:\/\/archive.sana.sy\/tr\/wp-content\/uploads\/2014\/10\/Ba\u015fbakan-4-1024x681.jpg 1024w\" sizes=\"auto, (max-width: 150px) 100vw, 150px\" \/><\/a>\n\t\t\t<\/div><\/figure>\n\t\t<\/div>\n\n","protected":false},"excerpt":{"rendered":"<p>\u015eAM KIRSALI \u2013 Ba\u015fbakan Vail el Halaki, bug\u00fcn Cumhurba\u015fkan\u0131 Be\u015f\u015far el Esad\u2019\u0131n g\u00f6zetiminde \u015eam K\u0131rsal\u0131n\u0131n Yebrud Kentinde 150 milyon lira maliyetinde iki okul binas\u0131n\u0131 hizmete a\u00e7t\u0131. A\u00e7\u0131l\u0131\u015f t\u00f6reninin ard\u0131ndan Yebrud Kentinde ticari pazarlar\u0131 ve sanayi kurulu\u015flar\u0131n\u0131 ziyaret eden Halaki; Adra \u0130\u015f\u00e7i Konutlar\u0131 Kentinde silahl\u0131 ter\u00f6r gruplar\u0131n\u0131n d\u00fczenledikleri sald\u0131r\u0131lar sonucunda kamu ve \u00f6zel kurulu\u015flarda meydana gelen &hellip;<\/p>\n","protected":false},"author":1,"featured_media":12675,"comment_status":"closed","ping_status":"closed","sticky":false,"template":"","format":"standard","meta":{"footnotes":""},"categories":[485,486,479,478],"tags":[3359],"class_list":["post-12640","post","type-post","status-publish","format-standard","has-post-thumbnail","","category-is-ve-sermaye","category-haberler-is-ve-sermaye","category-haberler-yerel","category-yerel","tag-basbakan-sam-kirsalinda-saha-gezisinde-bulunuyor-sam-kirsali-basbakan-vail-el-halaki-bugun-cumhurbaskani-bessar-el-esadin-yonlendirmeleriyle-sam-kirsali-yebrud-kentinde-2-ilkogretim"],"_links":{"self":[{"href":"https:\/\/archive.sana.sy\/tr\/index.php?rest_route=\/wp\/v2\/posts\/12640","targetHints":{"allow":["GET"]}}],"collection":[{"href":"https:\/\/archive.sana.sy\/tr\/index.php?rest_route=\/wp\/v2\/posts"}],"about":[{"href":"https:\/\/archive.sana.sy\/tr\/index.php?rest_route=\/wp\/v2\/types\/post"}],"author":[{"embeddable":true,"href":"https:\/\/archive.sana.sy\/tr\/index.php?rest_route=\/wp\/v2\/users\/1"}],"replies":[{"embeddable":true,"href":"https:\/\/archive.sana.sy\/tr\/index.php?rest_route=%2Fwp%2Fv2%2Fcomments&post=12640"}],"version-history":[{"count":0,"href":"https:\/\/archive.sana.sy\/tr\/index.php?rest_route=\/wp\/v2\/posts\/12640\/revisions"}],"wp:featuredmedia":[{"embeddable":true,"href":"https:\/\/archive.sana.sy\/tr\/index.php?rest_route=\/wp\/v2\/media\/12675"}],"wp:attachment":[{"href":"https:\/\/archive.sana.sy\/tr\/index.php?rest_route=%2Fwp%2Fv2%2Fmedia&parent=12640"}],"wp:term":[{"taxonomy":"category","embeddable":true,"href":"https:\/\/archive.sana.sy\/tr\/index.php?rest_route=%2Fwp%2Fv2%2Fcategories&post=12640"},{"taxonomy":"post_tag","embeddable":true,"href":"https:\/\/archive.sana.sy\/tr\/index.php?rest_route=%2Fwp%2Fv2%2Ftags&post=12640"}],"curies":[{"name":"wp","href":"https:\/\/api.w.org\/{rel}","templated":true}]}}