{"id":12643,"date":"2014-10-11T15:23:50","date_gmt":"2014-10-11T12:23:50","guid":{"rendered":"http:\/\/www.sanasyria.org\/tr\/?p=12643"},"modified":"2014-10-11T15:23:50","modified_gmt":"2014-10-11T12:23:50","slug":"atilla-kart-konyadaki-isid-orgutlenmesini-desifre-etti","status":"publish","type":"post","link":"https:\/\/archive.sana.sy\/tr\/?p=12643","title":{"rendered":"Atilla Kart Konya&#8217;daki I\u015e\u0130D \u00d6rg\u00fctlenmesini De\u015fifre Etti"},"content":{"rendered":"<p>ANKARA \u2013 T\u00fcrkiye&#8217;de Cumhuriyet Halk Partisi (CHP) Konya Milletvekili Atilla Kart, d\u00fcn yapt\u0131\u011f\u0131 a\u00e7\u0131klamada, ildeki Irak ve \u015eam \u0130slam Devleti (I\u015e\u0130D) \u00f6rg\u00fctlenmesini de\u015fifre ederken AKP h\u00fck\u00fcmetine sorular y\u00f6neltti.<\/p>\n<p>Sol Haber web sitesinin aktard\u0131\u011f\u0131 haberde Kart, I\u015e\u0130D \u00f6rg\u00fctlenmesinin merkezi olarak tespit etti\u011fi l\u00fcks binay\u0131, bu binadaki sorumlular\u0131 ve ge\u00e7en haftalarda yap\u0131lan etkinlikleri ortaya serdi.<\/p>\n<p>Eyl\u00fcl ay\u0131 i\u00e7inde Konya\u2019dan 150\u2019ye yak\u0131n ki\u015finin Suriye\u2019ye ge\u00e7i\u015f yapt\u0131\u011f\u0131n\u0131, en az 25 ki\u015finin \u00e7at\u0131\u015fmalarda hayat\u0131n\u0131 kaybetti\u011fini, ger\u00e7ek \u00f6l\u00fc say\u0131s\u0131n\u0131n bu rakam\u0131n \u00fcst\u00fcnde oldu\u011funu belirten Kart; kat\u0131l\u0131mlar\u0131n Bozk\u0131r, Ta\u015fkent, Ah\u0131rl\u0131, \u00c7umra ve Konya Merkez a\u011f\u0131rl\u0131kl\u0131 olarak ger\u00e7ekle\u015ftirildi\u011fini a\u00e7\u0131klad\u0131. Kart, &#8220;Bu arada, son 8-10 g\u00fcnde Ta\u015fkent-Balc\u0131lar\u2019dan B.K\u2019n\u0131n, Bozk\u0131r\u2013Armutlu\u2019dan N.U ve A.K\u2019n\u0131n, Ah\u0131rl\u0131\u2013Akkise\u2019den 2 karde\u015fin \u00e7at\u0131\u015fmalarda hayatlar\u0131n\u0131 kaybetti\u011fine dair bilgiler taraf\u0131m\u0131za ula\u015fm\u0131\u015ft\u0131r. D\u00fcn itibariyle Konya Merkezde Cezaevi civar\u0131na yeni bir \u00f6l\u00fcm haberinin ula\u015ft\u0131\u011f\u0131 bilgisini, yine derin bir \u00fcz\u00fcnt\u00fcyle sizlerle payla\u015f\u0131yoruz&#8221; dedi.<\/p>\n<p>Kart, Konya&#8217;da ya\u015fanan iki olay\u0131 aktararak, h\u00fck\u00fcmete baz\u0131 sorular y\u00f6neltti:<\/p>\n<p>Kart\u2019\u0131n AKP h\u00fck\u00fcmetine ilk sorusu; \u201c Konya Merkez\u2019den Karaman yolu \u00e7\u0131k\u0131\u015f\u0131nda, Ka\u015f\u0131nhan\u0131\u2019na varmadan, Alakova mevkiinde; siyah beyaz renkte boyal\u0131, son 1 y\u0131l i\u00e7inde in\u015fa edildi\u011fi ifade edilen, 2.5 katl\u0131 l\u00fcks binan\u0131n \u00f6n\u00fcnde \u201cI\u015e\u0130D\u2019in bayra\u011f\u0131\u201d var m\u0131d\u0131r? Burada, bu binada ne t\u00fcr faaliyet icra edilmektedir? Buradaki faaliyeti y\u00f6neten Ki\u015fi Bozk\u0131r-So\u011fucak K\u00f6y\u00fcnden M. S. midir? Bu ki\u015fi ayn\u0131 zamanda Konya\u2019daki I\u015e\u0130D faaliyetlerinin sorumlusu konumunda m\u0131d\u0131r? Aleniyet kazanan bu faaliyetler hakk\u0131nda neden yasal i\u015flem yap\u0131lmamaktad\u0131r?\u201d oldu.<\/p>\n<p>\u0130kinci sorusunda ise CHP Milletvekili Kart; \u201c Konya\u2019da, Kurban Bayram\u0131n\u0131n birinci g\u00fcn\u00fc Atat\u00fcrk Stadyumunda (eski stadyum) tahminen 400 -450 ki\u015finin kat\u0131ld\u0131\u011f\u0131 bayram namaz\u0131 k\u0131l\u0131nm\u0131\u015f m\u0131d\u0131r? Bayram namaz\u0131n\u0131 k\u0131lanlar, cemaatin \u00f6n\u00fcne ve arkas\u0131na siyah renkli 2 I\u015e\u0130D bayra\u011f\u0131n\u0131 asm\u0131\u015flar m\u0131d\u0131r? Namaz k\u0131lanlar \u201ck\u0131rm\u0131z\u0131 hal\u0131fleksin\u201d \u00fcst\u00fcnde mi namaz k\u0131lm\u0131\u015flard\u0131r? Namaz k\u0131lan erkekler Afgan elbiseli olup, ba\u015flar\u0131nda takke var m\u0131yd\u0131? Kad\u0131nlar pe\u00e7eli miydi? Ge\u00e7en y\u0131l da, yani 2013 y\u0131l\u0131nda yine Kurban Bayram\u0131&#8217;n\u0131n birinci g\u00fcn\u00fc ayn\u0131 stadyumda bayram namaz\u0131n\u0131 k\u0131lm\u0131\u015flar m\u0131yd\u0131? Bayram namaz\u0131n\u0131 U.B ve \u00d6. \u2026 isimli hocalar m\u0131 k\u0131ld\u0131rm\u0131\u015ft\u0131? Stadyuma girenler, \u00d6\u011fretmenevleri taraf\u0131ndan, Meslek Lisesinin bulundu\u011fu d\u0131\u015f duvar kap\u0131s\u0131ndan girip, stadyumdaki \u201cmisafir taraftarlar\u201d kap\u0131s\u0131ndan m\u0131 i\u00e7eriye al\u0131nm\u0131\u015flard\u0131?\u201d sorular\u0131n\u0131 ortaya koydu.<\/p>\n<p>Sonu\u00e7 itibar\u0131yla Kart, &#8220;Sorunun esas\u0131 \u015fudur: I\u015e\u0130D\u2019e y\u00f6nelik olarak bu kadar ciddi bulgular\u0131n oldu\u011fu bir d\u00f6nemde bile Kent Merkezinde b\u00f6ylesine bir \u00f6rg\u00fctlenme, devletin g\u00f6z\u00fc \u00f6n\u00fcnde nas\u0131l ger\u00e7ekle\u015ftirilebilir?&#8221; diye sordu.<\/p>\n","protected":false},"excerpt":{"rendered":"<p>ANKARA \u2013 T\u00fcrkiye&#8217;de Cumhuriyet Halk Partisi (CHP) Konya Milletvekili Atilla Kart, d\u00fcn yapt\u0131\u011f\u0131 a\u00e7\u0131klamada, ildeki Irak ve \u015eam \u0130slam Devleti (I\u015e\u0130D) \u00f6rg\u00fctlenmesini de\u015fifre ederken AKP h\u00fck\u00fcmetine sorular y\u00f6neltti. Sol Haber web sitesinin aktard\u0131\u011f\u0131 haberde Kart, I\u015e\u0130D \u00f6rg\u00fctlenmesinin merkezi olarak tespit etti\u011fi l\u00fcks binay\u0131, bu binadaki sorumlular\u0131 ve ge\u00e7en haftalarda yap\u0131lan etkinlikleri ortaya serdi. Eyl\u00fcl ay\u0131 &hellip;<\/p>\n","protected":false},"author":1,"featured_media":12644,"comment_status":"closed","ping_status":"closed","sticky":false,"template":"","format":"standard","meta":{"footnotes":""},"categories":[458,459,447,2554,2555],"tags":[3370,3389,3380,3368,3373,3378,3360,3384,3372,3381,3364,3383,3369,3390,3361,3365,3366,3376,3362,3363,3377,3375,3382,3387,3386,3379,3371,3388,3367,3385,3374],"class_list":["post-12643","post","type-post","status-publish","format-standard","has-post-thumbnail","","category-dunya1","category-haberler-arap-uluslararasi-politika","category-politika","category-suriye-ve-dunya","category-suriye-ve-turkiye","tag-bu-arada","tag-sorunun-esasi-sudur-iside-yonelik-olarak-bu-kadar-ciddi-bulgularin-oldugu-bir-donemde-bile-kent-merkezinde-boylesine-bir-orgutlenme","tag-2-5-katli-luks-binanin-onunde-isidin-bayragi-var-midir-burada","tag-ahirli","tag-ahirli-akkiseden-2-kardesin-catismalarda-hayatlarini-kaybettigine-dair-bilgiler-tarafimiza-ulasmistir-dun-itibariyle-konya-merkezde-cezaevi-civarina-yeni-bir-olum-haberinin-ulastigi","tag-alakova-mevkiinde-siyah-beyaz-renkte-boyali","tag-atilla-kart-konyadaki-isid-orgutlenmesini-desifre-etti-ankara-turkiyede-cumhuriyet-halk-partisi-chp-konya-milletvekili-atilla-kart","tag-baslarinda-takke-var-miydi-kadinlar-peceli-miydi-gecen-yil-da","tag-bozkir-armutludan-n-u-ve-a-knin","tag-bu-binada-ne-tur-faaliyet-icra-edilmektedir-buradaki-faaliyeti-yoneten-kisi-bozkir-sogucak-koyunden-m-s-midir-bu-kisi-ayni-zamanda-konyadaki-isid-faaliyetlerinin-sorumlusu-konumunda-midir","tag-bu-binadaki-sorumlulari-ve-gecen-haftalarda-yapilan-etkinlikleri-ortaya-serdi-eylul-ayi-icinde-konyadan-150ye-yakin-kisinin-suriyeye-gecis-yaptigini","tag-cemaatin-onune-ve-arkasina-siyah-renkli-2-isid-bayragini-asmislar-midir-namaz-kilanlar-kirmizi-halifleksin-ustunde-mi-namaz-kilmislardir-namaz-kilan-erkekler-afgan-elbiseli-olup","tag-cumra-ve-konya-merkez-agirlikli-olarak-gerceklestirildigini-acikladi-kart","tag-devletin-gozu-onunde-nasil-gerceklestirilebilir-diye-sordu","tag-dun-yaptigi-aciklamada","tag-en-az-25-kisinin-catismalarda-hayatini-kaybettigini","tag-gercek-olu-sayisinin-bu-rakamin-ustunde-oldugunu-belirten-kart-katilimlarin-bozkir","tag-hukumete-bazi-sorular-yoneltti-kartin-akp-hukumetine-ilk-sorusu-konya-merkezden-karaman-yolu-cikisinda","tag-ildeki-irak-ve-sam-islam-devleti-isid-orgutlenmesini-desifre-ederken-akp-hukumetine-sorular-yoneltti-sol-haber-web-sitesinin-aktardigi-haberde-kart","tag-isid-orgutlenmesinin-merkezi-olarak-tespit-ettigi-luks-binayi","tag-kasinhanina-varmadan","tag-konyada-yasanan-iki-olayi-aktararak","tag-kurban-bayraminin-birinci-gunu-ataturk-stadyumunda-eski-stadyum-tahminen-400-450-kisinin-katildigi-bayram-namazi-kilinmis-midir-bayram-namazini-kilanlar","tag-meslek-lisesinin-bulundugu-dis-duvar-kapisindan-girip","tag-ogretmenevleri-tarafindan","tag-son-1-yil-icinde-insa-edildigi-ifade-edilen","tag-son-8-10-gunde-taskent-balcilardan-b-knin","tag-stadyumdaki-misafir-taraftarlar-kapisindan-mi-iceriye-alinmislardi-sorularini-ortaya-koydu-sonuc-itibariyla-kart","tag-taskent","tag-yani-2013-yilinda-yine-kurban-bayraminin-birinci-gunu-ayni-stadyumda-bayram-namazini-kilmislar-miydi-bayram-namazini-u-b-ve-o-isimli-hocalar-mi-kildirmisti-stadyuma-girenler","tag-yine-derin-bir-uzuntuyle-sizlerle-paylasiyoruz-dedi-kart"],"_links":{"self":[{"href":"https:\/\/archive.sana.sy\/tr\/index.php?rest_route=\/wp\/v2\/posts\/12643","targetHints":{"allow":["GET"]}}],"collection":[{"href":"https:\/\/archive.sana.sy\/tr\/index.php?rest_route=\/wp\/v2\/posts"}],"about":[{"href":"https:\/\/archive.sana.sy\/tr\/index.php?rest_route=\/wp\/v2\/types\/post"}],"author":[{"embeddable":true,"href":"https:\/\/archive.sana.sy\/tr\/index.php?rest_route=\/wp\/v2\/users\/1"}],"replies":[{"embeddable":true,"href":"https:\/\/archive.sana.sy\/tr\/index.php?rest_route=%2Fwp%2Fv2%2Fcomments&post=12643"}],"version-history":[{"count":0,"href":"https:\/\/archive.sana.sy\/tr\/index.php?rest_route=\/wp\/v2\/posts\/12643\/revisions"}],"wp:featuredmedia":[{"embeddable":true,"href":"https:\/\/archive.sana.sy\/tr\/index.php?rest_route=\/wp\/v2\/media\/12644"}],"wp:attachment":[{"href":"https:\/\/archive.sana.sy\/tr\/index.php?rest_route=%2Fwp%2Fv2%2Fmedia&parent=12643"}],"wp:term":[{"taxonomy":"category","embeddable":true,"href":"https:\/\/archive.sana.sy\/tr\/index.php?rest_route=%2Fwp%2Fv2%2Fcategories&post=12643"},{"taxonomy":"post_tag","embeddable":true,"href":"https:\/\/archive.sana.sy\/tr\/index.php?rest_route=%2Fwp%2Fv2%2Ftags&post=12643"}],"curies":[{"name":"wp","href":"https:\/\/api.w.org\/{rel}","templated":true}]}}