{"id":12653,"date":"2014-10-11T16:22:31","date_gmt":"2014-10-11T13:22:31","guid":{"rendered":"http:\/\/www.sanasyria.org\/tr\/?p=12653"},"modified":"2014-10-11T16:22:31","modified_gmt":"2014-10-11T13:22:31","slug":"turkiyede-olen-gostericilerin-sayisi-artiyor","status":"publish","type":"post","link":"https:\/\/archive.sana.sy\/tr\/?p=12653","title":{"rendered":"T\u00fcrkiye&#8217;de \u00d6len G\u00f6stericilerin Say\u0131s\u0131 Art\u0131yor"},"content":{"rendered":"<p>ANKARA \u2013 T\u00fcrkiye&#8217;de Erdo\u011fan rejiminin I\u015e\u0130D ve ter\u00f6r\u00fcne deste\u011fini protesto etmek amac\u0131yla \u00fclke genelinde yay\u0131lan halk g\u00f6sterilerinde polisin a\u015f\u0131r\u0131 g\u00fc\u00e7 kullanmas\u0131 sonucunda ya\u015fam\u0131n\u0131 yitiren vatanda\u015flar\u0131n say\u0131s\u0131 38\u2019e y\u00fckseldi.<\/p>\n<p>T\u00fcrk medyas\u0131n\u0131n haberlerine g\u00f6re Erdo\u011fan polisleri \u00fclke genelinde \u00e7ok say\u0131da vatanda\u015f\u0131 da tutuklad\u0131.<\/p>\n","protected":false},"excerpt":{"rendered":"<p>ANKARA \u2013 T\u00fcrkiye&#8217;de Erdo\u011fan rejiminin I\u015e\u0130D ve ter\u00f6r\u00fcne deste\u011fini protesto etmek amac\u0131yla \u00fclke genelinde yay\u0131lan halk g\u00f6sterilerinde polisin a\u015f\u0131r\u0131 g\u00fc\u00e7 kullanmas\u0131 sonucunda ya\u015fam\u0131n\u0131 yitiren vatanda\u015flar\u0131n say\u0131s\u0131 38\u2019e y\u00fckseldi. T\u00fcrk medyas\u0131n\u0131n haberlerine g\u00f6re Erdo\u011fan polisleri \u00fclke genelinde \u00e7ok say\u0131da vatanda\u015f\u0131 da tutuklad\u0131.<\/p>\n","protected":false},"author":1,"featured_media":12654,"comment_status":"closed","ping_status":"closed","sticky":false,"template":"","format":"standard","meta":{"footnotes":""},"categories":[458,459,447,2554,2555],"tags":[3394],"class_list":["post-12653","post","type-post","status-publish","format-standard","has-post-thumbnail","","category-dunya1","category-haberler-arap-uluslararasi-politika","category-politika","category-suriye-ve-dunya","category-suriye-ve-turkiye","tag-turkiyede-olen-gostericilerin-sayisi-artiyor-ankara-turkiyede-erdogan-rejiminin-isid-ve-terorune-destegini-protesto-etmek-amaciyla-ulke-genelinde-yayilan-halk-gosterilerinde-polisin-asiri"],"_links":{"self":[{"href":"https:\/\/archive.sana.sy\/tr\/index.php?rest_route=\/wp\/v2\/posts\/12653","targetHints":{"allow":["GET"]}}],"collection":[{"href":"https:\/\/archive.sana.sy\/tr\/index.php?rest_route=\/wp\/v2\/posts"}],"about":[{"href":"https:\/\/archive.sana.sy\/tr\/index.php?rest_route=\/wp\/v2\/types\/post"}],"author":[{"embeddable":true,"href":"https:\/\/archive.sana.sy\/tr\/index.php?rest_route=\/wp\/v2\/users\/1"}],"replies":[{"embeddable":true,"href":"https:\/\/archive.sana.sy\/tr\/index.php?rest_route=%2Fwp%2Fv2%2Fcomments&post=12653"}],"version-history":[{"count":0,"href":"https:\/\/archive.sana.sy\/tr\/index.php?rest_route=\/wp\/v2\/posts\/12653\/revisions"}],"wp:featuredmedia":[{"embeddable":true,"href":"https:\/\/archive.sana.sy\/tr\/index.php?rest_route=\/wp\/v2\/media\/12654"}],"wp:attachment":[{"href":"https:\/\/archive.sana.sy\/tr\/index.php?rest_route=%2Fwp%2Fv2%2Fmedia&parent=12653"}],"wp:term":[{"taxonomy":"category","embeddable":true,"href":"https:\/\/archive.sana.sy\/tr\/index.php?rest_route=%2Fwp%2Fv2%2Fcategories&post=12653"},{"taxonomy":"post_tag","embeddable":true,"href":"https:\/\/archive.sana.sy\/tr\/index.php?rest_route=%2Fwp%2Fv2%2Ftags&post=12653"}],"curies":[{"name":"wp","href":"https:\/\/api.w.org\/{rel}","templated":true}]}}