{"id":12656,"date":"2014-10-11T16:56:05","date_gmt":"2014-10-11T13:56:05","guid":{"rendered":"http:\/\/www.sanasyria.org\/tr\/?p=12656"},"modified":"2014-10-11T16:56:05","modified_gmt":"2014-10-11T13:56:05","slug":"teroristler-hicbir-degere-onem-vermiyor","status":"publish","type":"post","link":"https:\/\/archive.sana.sy\/tr\/?p=12656","title":{"rendered":"Ter\u00f6ristler Hi\u00e7bir De\u011fere \u00d6nem Vermiyor"},"content":{"rendered":"<p>\u015eAM \u2013 Fransa&#8217;n\u0131n Beziers Kenti Belediye Ba\u015fkan\u0131 Robert Minard Suriye halk\u0131n\u0131n k\u00fclt\u00fcrel kimli\u011fi ve medeniyete \u0131\u015f\u0131k tutan Suriye&#8217;deki tarihi eserlerin korunmas\u0131, insani folklora sahip \u00e7\u0131k\u0131lmas\u0131 davetinde bulundu.<\/p>\n<p>Frans\u0131z bir heyetin e\u015fli\u011finde Suriye&#8217;yi ziyaret eden Minard \u015eam\u2019da Ulusal M\u00fcze, S\u00fcleymaniye Medresesi, Kasr el Azm, Esad Pa\u015fa Han\u0131, Emeviler Camii ve Hananya Kilisesini dola\u015ft\u0131.<\/p>\n<p>Suriye&#8217;ye ziyaretlerinden amac\u0131n Suriye ve halk\u0131yla dayan\u0131\u015fmas\u0131n\u0131 ifade etmek oldu\u011funu belirten Minard; kimi devletlerin destekledikleri ter\u00f6r \u00f6rg\u00fctlerin Suriye&#8217;de insan, medeniyet, k\u00fclt\u00fcr yada hi\u00e7bir de\u011fere \u00f6nem vermediklerine dikkat \u00e7ekti.<\/p>\n<p>Minard ziyareti s\u0131ras\u0131nda \u015eam k\u0131rsal\u0131nda Malula Kasabas\u0131n\u0131n Fransa&#8217;n\u0131n Beziers kentiyle ikiz \u015fehirler olarak ilan edilme olana\u011f\u0131n\u0131 ele alacaklar\u0131n\u0131 a\u00e7\u0131klad\u0131.<\/p>\n<p>Bat\u0131l\u0131 medyan\u0131n Suriye&#8217;de olup bitenleri \u00e7arp\u0131tarak kamuoyuna yans\u0131tt\u0131\u011f\u0131n\u0131 belirten Minard; Fransa halk\u0131n\u0131n ger\u00e7ekleri g\u00f6rmeye ve Suriye halk\u0131n\u0131n maruz kald\u0131\u011f\u0131 ter\u00f6r\u00fcn ger\u00e7e\u011fini idrak etmeye ba\u015flad\u0131\u011f\u0131n\u0131 belirtti.<\/p>\n<div id='gallery-1' class='gallery galleryid-12656 gallery-columns-3 gallery-size-thumbnail'><figure class='gallery-item'>\n\t\t\t<div class='gallery-icon landscape'>\n\t\t\t\t<a href='https:\/\/archive.sana.sy\/tr\/?attachment_id=12658'><img loading=\"lazy\" decoding=\"async\" width=\"150\" height=\"99\" src=\"https:\/\/archive.sana.sy\/tr\/wp-content\/uploads\/2014\/10\/DHS3202-150x99.jpg\" class=\"attachment-thumbnail size-thumbnail\" alt=\"\" srcset=\"https:\/\/archive.sana.sy\/tr\/wp-content\/uploads\/2014\/10\/DHS3202-150x99.jpg 150w, https:\/\/archive.sana.sy\/tr\/wp-content\/uploads\/2014\/10\/DHS3202-300x199.jpg 300w, https:\/\/archive.sana.sy\/tr\/wp-content\/uploads\/2014\/10\/DHS3202-1024x681.jpg 1024w\" sizes=\"auto, (max-width: 150px) 100vw, 150px\" \/><\/a>\n\t\t\t<\/div><\/figure><figure class='gallery-item'>\n\t\t\t<div class='gallery-icon landscape'>\n\t\t\t\t<a href='https:\/\/archive.sana.sy\/tr\/?attachment_id=12660'><img loading=\"lazy\" decoding=\"async\" width=\"150\" height=\"95\" src=\"https:\/\/archive.sana.sy\/tr\/wp-content\/uploads\/2014\/10\/DHS32051-150x95.jpg\" class=\"attachment-thumbnail size-thumbnail\" alt=\"\" srcset=\"https:\/\/archive.sana.sy\/tr\/wp-content\/uploads\/2014\/10\/DHS32051-150x95.jpg 150w, https:\/\/archive.sana.sy\/tr\/wp-content\/uploads\/2014\/10\/DHS32051-300x190.jpg 300w, https:\/\/archive.sana.sy\/tr\/wp-content\/uploads\/2014\/10\/DHS32051-1024x648.jpg 1024w\" sizes=\"auto, (max-width: 150px) 100vw, 150px\" \/><\/a>\n\t\t\t<\/div><\/figure><figure class='gallery-item'>\n\t\t\t<div class='gallery-icon landscape'>\n\t\t\t\t<a href='https:\/\/archive.sana.sy\/tr\/?attachment_id=12661'><img loading=\"lazy\" decoding=\"async\" width=\"150\" height=\"95\" src=\"https:\/\/archive.sana.sy\/tr\/wp-content\/uploads\/2014\/10\/DHS3220-150x95.jpg\" class=\"attachment-thumbnail size-thumbnail\" alt=\"\" srcset=\"https:\/\/archive.sana.sy\/tr\/wp-content\/uploads\/2014\/10\/DHS3220-150x95.jpg 150w, https:\/\/archive.sana.sy\/tr\/wp-content\/uploads\/2014\/10\/DHS3220-300x191.jpg 300w, https:\/\/archive.sana.sy\/tr\/wp-content\/uploads\/2014\/10\/DHS3220-1024x653.jpg 1024w\" sizes=\"auto, (max-width: 150px) 100vw, 150px\" \/><\/a>\n\t\t\t<\/div><\/figure><figure class='gallery-item'>\n\t\t\t<div class='gallery-icon landscape'>\n\t\t\t\t<a href='https:\/\/archive.sana.sy\/tr\/?attachment_id=12662'><img loading=\"lazy\" decoding=\"async\" width=\"150\" height=\"93\" src=\"https:\/\/archive.sana.sy\/tr\/wp-content\/uploads\/2014\/10\/DHS3236-150x93.jpg\" class=\"attachment-thumbnail size-thumbnail\" alt=\"\" srcset=\"https:\/\/archive.sana.sy\/tr\/wp-content\/uploads\/2014\/10\/DHS3236-150x93.jpg 150w, https:\/\/archive.sana.sy\/tr\/wp-content\/uploads\/2014\/10\/DHS3236-300x187.jpg 300w, https:\/\/archive.sana.sy\/tr\/wp-content\/uploads\/2014\/10\/DHS3236-1024x640.jpg 1024w\" sizes=\"auto, (max-width: 150px) 100vw, 150px\" \/><\/a>\n\t\t\t<\/div><\/figure><figure class='gallery-item'>\n\t\t\t<div class='gallery-icon landscape'>\n\t\t\t\t<a href='https:\/\/archive.sana.sy\/tr\/?attachment_id=12663'><img loading=\"lazy\" decoding=\"async\" width=\"150\" height=\"92\" src=\"https:\/\/archive.sana.sy\/tr\/wp-content\/uploads\/2014\/10\/DHS3266-150x92.jpg\" class=\"attachment-thumbnail size-thumbnail\" alt=\"\" srcset=\"https:\/\/archive.sana.sy\/tr\/wp-content\/uploads\/2014\/10\/DHS3266-150x92.jpg 150w, https:\/\/archive.sana.sy\/tr\/wp-content\/uploads\/2014\/10\/DHS3266-300x184.jpg 300w, https:\/\/archive.sana.sy\/tr\/wp-content\/uploads\/2014\/10\/DHS3266-1024x629.jpg 1024w\" sizes=\"auto, (max-width: 150px) 100vw, 150px\" \/><\/a>\n\t\t\t<\/div><\/figure><figure class='gallery-item'>\n\t\t\t<div class='gallery-icon landscape'>\n\t\t\t\t<a href='https:\/\/archive.sana.sy\/tr\/?attachment_id=12664'><img loading=\"lazy\" decoding=\"async\" width=\"150\" height=\"90\" src=\"https:\/\/archive.sana.sy\/tr\/wp-content\/uploads\/2014\/10\/DHS3268-150x90.jpg\" class=\"attachment-thumbnail size-thumbnail\" alt=\"\" srcset=\"https:\/\/archive.sana.sy\/tr\/wp-content\/uploads\/2014\/10\/DHS3268-150x90.jpg 150w, https:\/\/archive.sana.sy\/tr\/wp-content\/uploads\/2014\/10\/DHS3268-300x180.jpg 300w, https:\/\/archive.sana.sy\/tr\/wp-content\/uploads\/2014\/10\/DHS3268-1024x614.jpg 1024w\" sizes=\"auto, (max-width: 150px) 100vw, 150px\" \/><\/a>\n\t\t\t<\/div><\/figure><figure class='gallery-item'>\n\t\t\t<div class='gallery-icon landscape'>\n\t\t\t\t<a href='https:\/\/archive.sana.sy\/tr\/?attachment_id=12665'><img loading=\"lazy\" decoding=\"async\" width=\"150\" height=\"92\" src=\"https:\/\/archive.sana.sy\/tr\/wp-content\/uploads\/2014\/10\/DHS3271-150x92.jpg\" class=\"attachment-thumbnail size-thumbnail\" alt=\"\" srcset=\"https:\/\/archive.sana.sy\/tr\/wp-content\/uploads\/2014\/10\/DHS3271-150x92.jpg 150w, https:\/\/archive.sana.sy\/tr\/wp-content\/uploads\/2014\/10\/DHS3271-300x185.jpg 300w, https:\/\/archive.sana.sy\/tr\/wp-content\/uploads\/2014\/10\/DHS3271-1024x632.jpg 1024w\" sizes=\"auto, (max-width: 150px) 100vw, 150px\" \/><\/a>\n\t\t\t<\/div><\/figure>\n\t\t<\/div>\n\n<p>Bu arada Minard ba\u015fkanl\u0131\u011f\u0131ndaki Frans\u0131z heyetin Suriye&#8217;nin muhtelif ilerli ve b\u00f6lgelerinde bir dizi tarihi yeri gezmeleri bekleniyor.<\/p>\n<p>&nbsp;<\/p>\n","protected":false},"excerpt":{"rendered":"<p>\u015eAM \u2013 Fransa&#8217;n\u0131n Beziers Kenti Belediye Ba\u015fkan\u0131 Robert Minard Suriye halk\u0131n\u0131n k\u00fclt\u00fcrel kimli\u011fi ve medeniyete \u0131\u015f\u0131k tutan Suriye&#8217;deki tarihi eserlerin korunmas\u0131, insani folklora sahip \u00e7\u0131k\u0131lmas\u0131 davetinde bulundu. Frans\u0131z bir heyetin e\u015fli\u011finde Suriye&#8217;yi ziyaret eden Minard \u015eam\u2019da Ulusal M\u00fcze, S\u00fcleymaniye Medresesi, Kasr el Azm, Esad Pa\u015fa Han\u0131, Emeviler Camii ve Hananya Kilisesini dola\u015ft\u0131. Suriye&#8217;ye ziyaretlerinden amac\u0131n &hellip;<\/p>\n","protected":false},"author":1,"featured_media":12657,"comment_status":"closed","ping_status":"closed","sticky":false,"template":"","format":"standard","meta":{"footnotes":""},"categories":[596,2553,478],"tags":[3400,3399,3396,3398,3402,3401,3397,3395],"class_list":["post-12656","post","type-post","status-publish","format-standard","has-post-thumbnail","","category-fotografli-raporlar","category-turizm","category-yerel","tag-emeviler-camii-ve-hananya-kilisesini-dolasti-suriyeye-ziyaretlerinden-amacin-suriye-ve-halkiyla-dayanismasini-ifade-etmek-oldugunu-belirten-minard-kimi-devletlerin-destekledikleri-teror-orgutlerin","tag-esad-pasa-hani","tag-insani-folklora-sahip-cikilmasi-davetinde-bulundu-fransiz-bir-heyetin-esliginde-suriyeyi-ziyaret-eden-minard-samda-ulusal-muze","tag-kasr-el-azm","tag-kultur-yada-hicbir-degere-onem-vermediklerine-dikkat-cekti-minard-ziyareti-sirasinda-sam-kirsalinda-malula-kasabasinin-fransanin-beziers-kentiyle-ikiz-sehirler-olarak-ilan-edilme-olanagini-ele-alaca","tag-medeniyet","tag-suleymaniye-medresesi","tag-teroristler-hicbir-degere-onem-vermiyor-sam-fransanin-beziers-kenti-belediye-baskani-robert-minard-suriye-halkinin-kulturel-kimligi-ve-medeniyete-isik-tutan-suriyedeki-tarihi-eserlerin-kor"],"_links":{"self":[{"href":"https:\/\/archive.sana.sy\/tr\/index.php?rest_route=\/wp\/v2\/posts\/12656","targetHints":{"allow":["GET"]}}],"collection":[{"href":"https:\/\/archive.sana.sy\/tr\/index.php?rest_route=\/wp\/v2\/posts"}],"about":[{"href":"https:\/\/archive.sana.sy\/tr\/index.php?rest_route=\/wp\/v2\/types\/post"}],"author":[{"embeddable":true,"href":"https:\/\/archive.sana.sy\/tr\/index.php?rest_route=\/wp\/v2\/users\/1"}],"replies":[{"embeddable":true,"href":"https:\/\/archive.sana.sy\/tr\/index.php?rest_route=%2Fwp%2Fv2%2Fcomments&post=12656"}],"version-history":[{"count":0,"href":"https:\/\/archive.sana.sy\/tr\/index.php?rest_route=\/wp\/v2\/posts\/12656\/revisions"}],"wp:featuredmedia":[{"embeddable":true,"href":"https:\/\/archive.sana.sy\/tr\/index.php?rest_route=\/wp\/v2\/media\/12657"}],"wp:attachment":[{"href":"https:\/\/archive.sana.sy\/tr\/index.php?rest_route=%2Fwp%2Fv2%2Fmedia&parent=12656"}],"wp:term":[{"taxonomy":"category","embeddable":true,"href":"https:\/\/archive.sana.sy\/tr\/index.php?rest_route=%2Fwp%2Fv2%2Fcategories&post=12656"},{"taxonomy":"post_tag","embeddable":true,"href":"https:\/\/archive.sana.sy\/tr\/index.php?rest_route=%2Fwp%2Fv2%2Ftags&post=12656"}],"curies":[{"name":"wp","href":"https:\/\/api.w.org\/{rel}","templated":true}]}}