{"id":126584,"date":"2017-10-13T10:00:01","date_gmt":"2017-10-13T07:00:01","guid":{"rendered":"http:\/\/www.sana.sy\/tr\/?p=126584"},"modified":"2017-10-22T16:32:37","modified_gmt":"2017-10-22T13:32:37","slug":"rakka-kultur-festivali-basladi","status":"publish","type":"post","link":"https:\/\/archive.sana.sy\/tr\/?p=126584","title":{"rendered":"Rakka K\u00fclt\u00fcr Festivali Ba\u015flad\u0131"},"content":{"rendered":"<p>HAMA \u2013 Rakka \u0130l K\u00fclt\u00fcr M\u00fcd\u00fcrl\u00fc\u011f\u00fcn\u00fcn Hama Kentinde d\u00fczenledi\u011fi Rakka K\u00fclt\u00fcr Festivali d\u00fcn ak\u015fam; \u201cBa\u015far\u0131 ve \u00dcst\u00fcnl\u00fck Ac\u0131lar\u0131n Rahminden Do\u011far.. Kahraman Ordumuzun Yi\u011fitli\u011finden Zaferleri Yarat\u0131r\u0131z\u201d slogan\u0131 alt\u0131nda faaliyetlerine ba\u015flad\u0131.<\/p>\n<p><a href=\"http:\/\/www.sana.sy\/tr\/wp-content\/uploads\/2017\/10\/k\u00fclt\u00fcr-1.jpg\"><img loading=\"lazy\" decoding=\"async\" class=\"alignright wp-image-126587 size-medium\" src=\"http:\/\/www.sana.sy\/tr\/wp-content\/uploads\/2017\/10\/k\u00fclt\u00fcr-1-300x168.jpg\" alt=\"\" width=\"300\" height=\"168\" srcset=\"https:\/\/archive.sana.sy\/tr\/wp-content\/uploads\/2017\/10\/k\u00fclt\u00fcr-1-300x168.jpg 300w, https:\/\/archive.sana.sy\/tr\/wp-content\/uploads\/2017\/10\/k\u00fclt\u00fcr-1-150x84.jpg 150w, https:\/\/archive.sana.sy\/tr\/wp-content\/uploads\/2017\/10\/k\u00fclt\u00fcr-1.jpg 660w\" sizes=\"auto, (max-width: 300px) 100vw, 300px\" \/><\/a>\u0130ki g\u00fcn s\u00fcreyle d\u00fczenlenen festival etkinliklerinde \u2018D\u00fcn ve Bug\u00fcn Rakka\u2019 ba\u015fl\u0131\u011f\u0131 alt\u0131nda a\u00e7\u0131lan foto\u011fraf sergisinde Rakka Kentinin eski durumu ve yeni durumuna ilaveten sahip oldu\u011fu tarihe \u0131\u015f\u0131k tutuldu.<\/p>\n<p>Festival etkinliklerinde Rakka Halk Sanatlar\u0131 Ekibi de folklor oyunlar\u0131 takdim ederken, edebiyat ve k\u00fclt\u00fcrel etkinlikler sergilendi.<\/p>\n<p><a href=\"http:\/\/www.sana.sy\/tr\/wp-content\/uploads\/2017\/10\/k\u00fclt\u00fcr.jpg\"><img loading=\"lazy\" decoding=\"async\" class=\"alignright wp-image-126588 size-medium\" src=\"http:\/\/www.sana.sy\/tr\/wp-content\/uploads\/2017\/10\/k\u00fclt\u00fcr-300x150.jpg\" alt=\"\" width=\"300\" height=\"150\" srcset=\"https:\/\/archive.sana.sy\/tr\/wp-content\/uploads\/2017\/10\/k\u00fclt\u00fcr-300x150.jpg 300w, https:\/\/archive.sana.sy\/tr\/wp-content\/uploads\/2017\/10\/k\u00fclt\u00fcr-150x75.jpg 150w, https:\/\/archive.sana.sy\/tr\/wp-content\/uploads\/2017\/10\/k\u00fclt\u00fcr.jpg 660w\" sizes=\"auto, (max-width: 300px) 100vw, 300px\" \/><\/a>K\u00fclt\u00fcr Bakan\u0131 Yard\u0131mc\u0131s\u0131 Tevfik \u0130mam\u2019\u0131n kat\u0131ld\u0131\u011f\u0131 a\u00e7\u0131l\u0131\u015f etkinli\u011finde ter\u00f6r sald\u0131r\u0131lar\u0131 nedeniyle Rakka\u2019dan Hama \u0130line tehcir edilen ailelerin ilk\u00f6\u011fretim ve lise okullar\u0131nda okuyan ba\u015far\u0131l\u0131 \u00e7ocuklar\u0131 onurland\u0131r\u0131ld\u0131.<\/p>\n<div id='gallery-1' class='gallery galleryid-126584 gallery-columns-2 gallery-size-medium'><figure class='gallery-item'>\n\t\t\t<div class='gallery-icon landscape'>\n\t\t\t\t<a href='https:\/\/archive.sana.sy\/tr\/wp-content\/uploads\/2017\/10\/k\u00fclt\u00fcr-3.jpg'><img loading=\"lazy\" decoding=\"async\" width=\"300\" height=\"168\" src=\"https:\/\/archive.sana.sy\/tr\/wp-content\/uploads\/2017\/10\/k\u00fclt\u00fcr-3-300x168.jpg\" class=\"attachment-medium size-medium\" alt=\"\" srcset=\"https:\/\/archive.sana.sy\/tr\/wp-content\/uploads\/2017\/10\/k\u00fclt\u00fcr-3-300x168.jpg 300w, https:\/\/archive.sana.sy\/tr\/wp-content\/uploads\/2017\/10\/k\u00fclt\u00fcr-3-150x84.jpg 150w, https:\/\/archive.sana.sy\/tr\/wp-content\/uploads\/2017\/10\/k\u00fclt\u00fcr-3.jpg 660w\" sizes=\"auto, (max-width: 300px) 100vw, 300px\" \/><\/a>\n\t\t\t<\/div><\/figure><figure class='gallery-item'>\n\t\t\t<div class='gallery-icon landscape'>\n\t\t\t\t<a href='https:\/\/archive.sana.sy\/tr\/wp-content\/uploads\/2017\/10\/k\u00fclt\u00fcr-4.jpg'><img loading=\"lazy\" decoding=\"async\" width=\"300\" height=\"168\" src=\"https:\/\/archive.sana.sy\/tr\/wp-content\/uploads\/2017\/10\/k\u00fclt\u00fcr-4-300x168.jpg\" class=\"attachment-medium size-medium\" alt=\"\" srcset=\"https:\/\/archive.sana.sy\/tr\/wp-content\/uploads\/2017\/10\/k\u00fclt\u00fcr-4-300x168.jpg 300w, https:\/\/archive.sana.sy\/tr\/wp-content\/uploads\/2017\/10\/k\u00fclt\u00fcr-4-150x84.jpg 150w, https:\/\/archive.sana.sy\/tr\/wp-content\/uploads\/2017\/10\/k\u00fclt\u00fcr-4.jpg 660w\" sizes=\"auto, (max-width: 300px) 100vw, 300px\" \/><\/a>\n\t\t\t<\/div><\/figure>\n\t\t<\/div>\n\n","protected":false},"excerpt":{"rendered":"<p>HAMA \u2013 Rakka \u0130l K\u00fclt\u00fcr M\u00fcd\u00fcrl\u00fc\u011f\u00fcn\u00fcn Hama Kentinde d\u00fczenledi\u011fi Rakka K\u00fclt\u00fcr Festivali d\u00fcn ak\u015fam; \u201cBa\u015far\u0131 ve \u00dcst\u00fcnl\u00fck Ac\u0131lar\u0131n Rahminden Do\u011far.. Kahraman Ordumuzun Yi\u011fitli\u011finden Zaferleri Yarat\u0131r\u0131z\u201d slogan\u0131 alt\u0131nda faaliyetlerine ba\u015flad\u0131. \u0130ki g\u00fcn s\u00fcreyle d\u00fczenlenen festival etkinliklerinde \u2018D\u00fcn ve Bug\u00fcn Rakka\u2019 ba\u015fl\u0131\u011f\u0131 alt\u0131nda a\u00e7\u0131lan foto\u011fraf sergisinde Rakka Kentinin eski durumu ve yeni durumuna ilaveten sahip oldu\u011fu tarihe &hellip;<\/p>\n","protected":false},"author":1,"featured_media":126585,"comment_status":"closed","ping_status":"closed","sticky":false,"template":"","format":"standard","meta":{"footnotes":""},"categories":[596,526,516,479,511,17988,525,478],"tags":[32789,31656,32790,32791],"class_list":["post-126584","post","type-post","status-publish","format-standard","has-post-thumbnail","","category-fotografli-raporlar","category-haber-ve-raporlar","category-haberler-kultur-ve-sanat","category-haberler-yerel","category-kultur-ve-sanat","category-son-haberler","category-toplum","category-yerel","tag-basari-ve-ustunluk-acilarin-rahminden-dogar","tag-hama-kentinde","tag-kahraman-ordumuzun-yigitliginden-zaferleri-yaratiriz","tag-rakka-kultur"],"_links":{"self":[{"href":"https:\/\/archive.sana.sy\/tr\/index.php?rest_route=\/wp\/v2\/posts\/126584","targetHints":{"allow":["GET"]}}],"collection":[{"href":"https:\/\/archive.sana.sy\/tr\/index.php?rest_route=\/wp\/v2\/posts"}],"about":[{"href":"https:\/\/archive.sana.sy\/tr\/index.php?rest_route=\/wp\/v2\/types\/post"}],"author":[{"embeddable":true,"href":"https:\/\/archive.sana.sy\/tr\/index.php?rest_route=\/wp\/v2\/users\/1"}],"replies":[{"embeddable":true,"href":"https:\/\/archive.sana.sy\/tr\/index.php?rest_route=%2Fwp%2Fv2%2Fcomments&post=126584"}],"version-history":[{"count":0,"href":"https:\/\/archive.sana.sy\/tr\/index.php?rest_route=\/wp\/v2\/posts\/126584\/revisions"}],"wp:featuredmedia":[{"embeddable":true,"href":"https:\/\/archive.sana.sy\/tr\/index.php?rest_route=\/wp\/v2\/media\/126585"}],"wp:attachment":[{"href":"https:\/\/archive.sana.sy\/tr\/index.php?rest_route=%2Fwp%2Fv2%2Fmedia&parent=126584"}],"wp:term":[{"taxonomy":"category","embeddable":true,"href":"https:\/\/archive.sana.sy\/tr\/index.php?rest_route=%2Fwp%2Fv2%2Fcategories&post=126584"},{"taxonomy":"post_tag","embeddable":true,"href":"https:\/\/archive.sana.sy\/tr\/index.php?rest_route=%2Fwp%2Fv2%2Ftags&post=126584"}],"curies":[{"name":"wp","href":"https:\/\/api.w.org\/{rel}","templated":true}]}}