{"id":126873,"date":"2017-10-16T16:10:51","date_gmt":"2017-10-16T13:10:51","guid":{"rendered":"http:\/\/www.sana.sy\/tr\/?p=126873"},"modified":"2017-10-16T16:10:25","modified_gmt":"2017-10-16T13:10:25","slug":"israilin-suriyeye-karsi-surekli-saldirilari-ve-provokasyonunun-tehlikesine-karsi-uyarida-bulunan-genel-komutanlik-suriyenin-israilin-edatlari-olan-radikal-teror-orgutlere-karsi-savasin","status":"publish","type":"post","link":"https:\/\/archive.sana.sy\/tr\/?p=126873","title":{"rendered":"\u0130srail&#8217;in Suriye&#8217;ye kar\u015f\u0131 s\u00fcrekli sald\u0131r\u0131lar\u0131 ve provokasyonunun tehlikesine kar\u015f\u0131 uyar\u0131da bulunan genel komutanl\u0131k; Suriye&#8217;nin \u0130srail\u2019in edatlar\u0131 olan radikal ter\u00f6r \u00f6rg\u00fctlere kar\u015f\u0131 sava\u015f\u0131n\u0131 s\u00fcrd\u00fcrme ve onlar\u0131 yok etme kararl\u0131l\u0131\u011f\u0131 ve \u0131srar\u0131n\u0131n bir kez daha alt\u0131n\u0131 \u00e7izdi"},"content":{"rendered":"<p>\u0130srail&#8217;in Suriye&#8217;ye kar\u015f\u0131 s\u00fcrekli sald\u0131r\u0131lar\u0131 ve provokasyonunun tehlikesine kar\u015f\u0131 uyar\u0131da bulunan genel komutanl\u0131k; Suriye&#8217;nin \u0130srail\u2019in edatlar\u0131 olan radikal ter\u00f6r \u00f6rg\u00fctlere kar\u015f\u0131 sava\u015f\u0131n\u0131 s\u00fcrd\u00fcrme ve onlar\u0131 yok etme kararl\u0131l\u0131\u011f\u0131 ve \u0131srar\u0131n\u0131n bir kez daha alt\u0131n\u0131 \u00e7izdi<\/p>\n","protected":false},"excerpt":{"rendered":"<p>\u0130srail&#8217;in Suriye&#8217;ye kar\u015f\u0131 s\u00fcrekli sald\u0131r\u0131lar\u0131 ve provokasyonunun tehlikesine kar\u015f\u0131 uyar\u0131da bulunan genel komutanl\u0131k; Suriye&#8217;nin \u0130srail\u2019in edatlar\u0131 olan radikal ter\u00f6r \u00f6rg\u00fctlere kar\u015f\u0131 sava\u015f\u0131n\u0131 s\u00fcrd\u00fcrme ve onlar\u0131 yok etme kararl\u0131l\u0131\u011f\u0131 ve \u0131srar\u0131n\u0131n bir kez daha alt\u0131n\u0131 \u00e7izdi<\/p>\n","protected":false},"author":1,"featured_media":0,"comment_status":"closed","ping_status":"closed","sticky":false,"template":"","format":"standard","meta":{"footnotes":""},"categories":[17991],"tags":[],"class_list":["post-126873","post","type-post","status-publish","format-standard","","category-son-dakika"],"_links":{"self":[{"href":"https:\/\/archive.sana.sy\/tr\/index.php?rest_route=\/wp\/v2\/posts\/126873","targetHints":{"allow":["GET"]}}],"collection":[{"href":"https:\/\/archive.sana.sy\/tr\/index.php?rest_route=\/wp\/v2\/posts"}],"about":[{"href":"https:\/\/archive.sana.sy\/tr\/index.php?rest_route=\/wp\/v2\/types\/post"}],"author":[{"embeddable":true,"href":"https:\/\/archive.sana.sy\/tr\/index.php?rest_route=\/wp\/v2\/users\/1"}],"replies":[{"embeddable":true,"href":"https:\/\/archive.sana.sy\/tr\/index.php?rest_route=%2Fwp%2Fv2%2Fcomments&post=126873"}],"version-history":[{"count":0,"href":"https:\/\/archive.sana.sy\/tr\/index.php?rest_route=\/wp\/v2\/posts\/126873\/revisions"}],"wp:attachment":[{"href":"https:\/\/archive.sana.sy\/tr\/index.php?rest_route=%2Fwp%2Fv2%2Fmedia&parent=126873"}],"wp:term":[{"taxonomy":"category","embeddable":true,"href":"https:\/\/archive.sana.sy\/tr\/index.php?rest_route=%2Fwp%2Fv2%2Fcategories&post=126873"},{"taxonomy":"post_tag","embeddable":true,"href":"https:\/\/archive.sana.sy\/tr\/index.php?rest_route=%2Fwp%2Fv2%2Ftags&post=126873"}],"curies":[{"name":"wp","href":"https:\/\/api.w.org\/{rel}","templated":true}]}}