{"id":12697,"date":"2014-10-13T11:58:03","date_gmt":"2014-10-13T08:58:03","guid":{"rendered":"http:\/\/sanasyria.org\/tr\/?p=12697"},"modified":"2014-10-13T13:26:15","modified_gmt":"2014-10-13T10:26:15","slug":"teroristlerin-sayi-ve-techizatlariyla-agir-kayiplari-suruyor","status":"publish","type":"post","link":"https:\/\/archive.sana.sy\/tr\/?p=12697","title":{"rendered":"Ter\u00f6ristlerin Say\u0131 ve Te\u00e7hizatlar\u0131yla A\u011f\u0131r Kay\u0131plar\u0131 S\u00fcr\u00fcyor"},"content":{"rendered":"<p>\u0130LLER \u2013 Vatan koruyucular\u0131 ordu birliklerimiz yurdun muhtelif b\u00f6lgelerinde tekfirci, hain ve kiral\u0131k ter\u00f6r \u00e7etelere y\u00f6nelik operasyonlar\u0131n\u0131 s\u00fcrd\u00fcrerek say\u0131 ve te\u00e7hizatlar\u0131yla a\u011f\u0131r kay\u0131plara u\u011fratmaya devam etti.<\/p>\n<p><span style=\"color: #0000ff\">Halep ve K\u0131rsal\u0131nda T\u00fcnelleri \u0130mha Edildi<\/span><\/p>\n<p>Vatan koruyucular\u0131 ordu birliklerimiz Halep\u2019te Amiriye K\u00f6pr\u00fcs\u00fc yak\u0131nlar\u0131nda ter\u00f6ristlerin yuvalanma yerlerini hedef alarak bir\u00e7o\u011funu etkisiz hale getirirken kulland\u0131klar\u0131 bir t\u00fcneli i\u00e7indeki cephane ve ter\u00f6ristlerle birlikte imha etti.<\/p>\n<p>Ordu birliklerimizin Halep\u2019te Kveyris\u2019in \u00e7evresi, Resm el \u0130mam\u2019\u0131n kuzeyi, Adnaniye, Ba\u015fkuva, Ayn el Cemacima, Han el Asel\u2019in bat\u0131s\u0131, Kefar Ubeyd, Hanano, Birinci Ra\u015fidin, Zebediye, Sirc Fari\u011f ve Diyman b\u00f6lgelerinde ter\u00f6r karargahlar\u0131 ve toplanma yerlerini hedef ald\u0131klar\u0131n\u0131 aktaran kaynak; operasyonlarda y\u00fcksek say\u0131da ter\u00f6ristin su\u00e7 edatlar\u0131 ve silahlar\u0131yla etkisizle\u015ftirildiklerini belirtti.<\/p>\n<p><span style=\"color: #0000ff\">Deyrezzor\u2019da I\u015e\u0130D Karargahlar\u0131 \u0130mha Edildi<\/span><\/p>\n<p>Ordu birliklerimiz Deyrezzor Kentinin Cbeyle Semtinde I\u015e\u0130D tekfircilerine ait bir karargah\u0131 muhtevalar\u0131yla imha ederek \u00e7ok say\u0131da ter\u00f6risti su\u00e7 edatlar\u0131yla birlikte etkisiz hale getirdi.<\/p>\n<p>Deyrezzor Valili\u011finde bir kaynak ordu birliklerimizin ayn\u0131 zamanda kentin Huveyka, R\u00fc\u015fdiye, Rasafa, Urfi ve Kennamat semtlerinde y\u00fcksek say\u0131da ter\u00f6risti \u00f6l\u00fc yaral\u0131 ele d\u00fc\u015f\u00fcrd\u00fcklerini silah ve m\u00fchimmatlar\u0131n\u0131 da imha ettiklerini aktard\u0131.<\/p>\n<p>Deyrezzor Kentinin Baaciyn Semtinde \u0130brahim Selama Okulu ve daha bir\u00e7ok bina blokunu ter\u00f6r \u00e7etelerinden temizleyip kontrol\u00fc alt\u0131na alan ordu birliklerimiz Cbeyla Semti ile Rediysat Semti aras\u0131n\u0131 keserek ter\u00f6ristlerin ikmal ve destek hatlar\u0131n\u0131 kesti.<\/p>\n<p><span style=\"color: #0000ff\">Dera ve K\u0131rsal\u0131nda Ara\u00e7lar\u0131 \u0130mha Edildi<\/span><\/p>\n<p>Ordu birliklerimiz Dera k\u0131rsal\u0131nda Tel el Mal\u2019\u0131n kuzeydo\u011fusu, Cemrin\u2019in ortas\u0131 ve Etman\u2019\u0131n bat\u0131s\u0131nda ter\u00f6ristlerin k\u00fcmelenme yerlerini hedef alarak onlarcas\u0131n\u0131 etkisiz hale getirdi.<\/p>\n<p>Yine Dera k\u0131rsal\u0131n\u0131n Kerk B\u00f6lgesinde baraj yolu \u00fczerinde de barikat yapmada kulland\u0131klar\u0131 bir dozerin yan\u0131 s\u0131ra ter\u00f6rist ve cephane ta\u015f\u0131yan 3 ara\u00e7lar\u0131 da imha edildi.<\/p>\n<p><span style=\"color: #0000ff\">Kunaytra K\u0131rsal\u0131nda Yuvalar\u0131 ve K\u00fcmelenme Yerlerine Y\u00f6nelik Operasyonlar S\u00fcr\u00fcyor<\/span><\/p>\n<p>Ordu birliklerimiz Kunaytra k\u0131rsal\u0131nda Tel Meshara\u2019n\u0131n bat\u0131s\u0131, Men\u015fiye ve Um Batina b\u00f6lgelerinde ter\u00f6r \u00e7etelerinin k\u00fcmelenme yerlerini hedef alarak \u00e7ok say\u0131da ter\u00f6risti su\u00e7 edatlar\u0131yla birlikte etkisiz hale getirdi.<\/p>\n<p><span style=\"color: #0000ff\">Homs K\u0131rsal\u0131nda Sald\u0131r\u0131 Giri\u015fimleri \u00c7\u00f6kertildi<\/span><\/p>\n<p>Ordu birliklerimiz Homs k\u0131rsal\u0131n\u0131n Mesudiye ve Cub el Cerrah k\u00f6ylerine sald\u0131rma giri\u015fiminde bulunan ter\u00f6r \u00e7etelere kar\u015f\u0131 koyarak b\u00fcy\u00fck \u00e7o\u011funlu\u011funu \u00f6l\u00fc yaral\u0131 ele ge\u00e7irdi.<\/p>\n<p>Askeri kaynak ordu birliklerimizin Homs iline tabi Resten Kentinin bir\u00e7ok b\u00f6lgesine ilaveten Vaer, Teldo, G\u00fcney Ayn H\u00fcseyin, Semarmar Vadisi, Mesasa ve Um el Riy\u015f b\u00f6lgelerinde ter\u00f6ristlerin k\u00fcmelenme yerlerini hedef alarak bir \u00e7o\u011funu \u00f6l\u00fc yaral\u0131 d\u00fc\u015f\u00fcrd\u00fcklerini, kulland\u0131klar\u0131 ara\u00e7lar\u0131 da tahrip ettiklerini s\u00f6yledi.<\/p>\n<p>Askeri kaynak ordu birliklerimizin Homs k\u0131rsal\u0131n\u0131n do\u011fusunda Tlul el Hava B\u00f6lgesinde ter\u00f6ristlerin kulland\u0131klar\u0131 a\u011f\u0131r makineli silahla donat\u0131lm\u0131\u015f iki pikap arac\u0131n\u0131 ta\u015f\u0131d\u0131\u011f\u0131 t\u00fcm ter\u00f6ristlerle birlikte imha ettiklerini belirtti.<\/p>\n","protected":false},"excerpt":{"rendered":"<p>\u0130LLER \u2013 Vatan koruyucular\u0131 ordu birliklerimiz yurdun muhtelif b\u00f6lgelerinde tekfirci, hain ve kiral\u0131k ter\u00f6r \u00e7etelere y\u00f6nelik operasyonlar\u0131n\u0131 s\u00fcrd\u00fcrerek say\u0131 ve te\u00e7hizatlar\u0131yla a\u011f\u0131r kay\u0131plara u\u011fratmaya devam etti. Halep ve K\u0131rsal\u0131nda T\u00fcnelleri \u0130mha Edildi Vatan koruyucular\u0131 ordu birliklerimiz Halep\u2019te Amiriye K\u00f6pr\u00fcs\u00fc yak\u0131nlar\u0131nda ter\u00f6ristlerin yuvalanma yerlerini hedef alarak bir\u00e7o\u011funu etkisiz hale getirirken kulland\u0131klar\u0131 bir t\u00fcneli i\u00e7indeki cephane ve &hellip;<\/p>\n","protected":false},"author":1,"featured_media":12698,"comment_status":"closed","ping_status":"closed","sticky":false,"template":"","format":"standard","meta":{"footnotes":""},"categories":[575],"tags":[3422,3418,3423,3420,3419,3417,3421],"class_list":["post-12697","post","type-post","status-publish","format-standard","has-post-thumbnail","","category-olaylar-ve-gercekler","tag-cemrinin-ortasi-ve-etmanin-batisinda-teroristlerin-kumelenme-yerlerini-hedef-alarak-onlarcasini-etkisiz-hale-getirdi-yine-dera-kirsalinin-kerk-bolgesinde-baraj-yolu-uzerinde-de-bari","tag-hain-ve-kiralik-teror-cetelere-yonelik-operasyonlarini-surdurerek-sayi-ve-techizatlariyla-agir-kayiplara-ugratmaya-devam-etti-halep-ve-kirsalinda-tunelleri-imha-edildi-vatan-koruyuculari-ordu-birlikl","tag-mensiye-ve-um-batina-bolgelerinde-teror-cetelerinin-kumelenme-yerlerini-hedef-alarak-cok-sayida-teroristi-suc-edatlariyla-birlikte-etkisiz-hale-getirdi-homs-kirsalinda-saldiri-girisimleri-cokertildi","tag-rasafa","tag-rusdiye","tag-teroristlerin-sayi-ve-techizatlariyla-agir-kayiplari-suruyor-iller-vatan-koruyuculari-ordu-birliklerimiz-yurdun-muhtelif-bolgelerinde-tekfirci","tag-urfi-ve-kennamat-semtlerinde-yuksek-sayida-teroristi-olu-yarali-ele-dusurduklerini-silah-ve-muhimmatlarini-da-imha-ettiklerini-aktardi-dera-ve-kirsalinda-araclari-imha-edildi-ordu-birliklerimiz-dera"],"_links":{"self":[{"href":"https:\/\/archive.sana.sy\/tr\/index.php?rest_route=\/wp\/v2\/posts\/12697","targetHints":{"allow":["GET"]}}],"collection":[{"href":"https:\/\/archive.sana.sy\/tr\/index.php?rest_route=\/wp\/v2\/posts"}],"about":[{"href":"https:\/\/archive.sana.sy\/tr\/index.php?rest_route=\/wp\/v2\/types\/post"}],"author":[{"embeddable":true,"href":"https:\/\/archive.sana.sy\/tr\/index.php?rest_route=\/wp\/v2\/users\/1"}],"replies":[{"embeddable":true,"href":"https:\/\/archive.sana.sy\/tr\/index.php?rest_route=%2Fwp%2Fv2%2Fcomments&post=12697"}],"version-history":[{"count":0,"href":"https:\/\/archive.sana.sy\/tr\/index.php?rest_route=\/wp\/v2\/posts\/12697\/revisions"}],"wp:featuredmedia":[{"embeddable":true,"href":"https:\/\/archive.sana.sy\/tr\/index.php?rest_route=\/wp\/v2\/media\/12698"}],"wp:attachment":[{"href":"https:\/\/archive.sana.sy\/tr\/index.php?rest_route=%2Fwp%2Fv2%2Fmedia&parent=12697"}],"wp:term":[{"taxonomy":"category","embeddable":true,"href":"https:\/\/archive.sana.sy\/tr\/index.php?rest_route=%2Fwp%2Fv2%2Fcategories&post=12697"},{"taxonomy":"post_tag","embeddable":true,"href":"https:\/\/archive.sana.sy\/tr\/index.php?rest_route=%2Fwp%2Fv2%2Ftags&post=12697"}],"curies":[{"name":"wp","href":"https:\/\/api.w.org\/{rel}","templated":true}]}}