{"id":12700,"date":"2014-10-12T13:08:05","date_gmt":"2014-10-12T10:08:05","guid":{"rendered":"http:\/\/sanasyria.org\/tr\/?p=12700"},"modified":"2014-10-12T13:08:19","modified_gmt":"2014-10-12T10:08:19","slug":"gordukleri-vahset-onlari-pisman-etti","status":"publish","type":"post","link":"https:\/\/archive.sana.sy\/tr\/?p=12700","title":{"rendered":"G\u00f6rd\u00fckleri Vah\u015fet Onlar\u0131 Pi\u015fman Etti"},"content":{"rendered":"<p>V\u0130YANA \u2013 Gazete yay\u0131nlad\u0131\u011f\u0131 raporda 15 ya\u015flar\u0131ndaki Spina Salimobak ve 17 ya\u015flar\u0131ndaki Samara Xenobak adl\u0131 iki gen\u00e7 k\u0131z\u0131n ailelerinden ka\u00e7malar\u0131 ard\u0131ndan T\u00fcrkiye \u00fczerinden Suriye&#8217;ye girdiklerini ifade etti.<\/p>\n<p>\u0130ki k\u0131z\u0131n tekfirci I\u015e\u0130D saflar\u0131nda bir s\u00fcre kal\u0131p deh\u015fet verici vah\u015fetlere tan\u0131k olmalar\u0131 ard\u0131ndan bir yolunu bulup aileleriyle ba\u011flant\u0131 kurduklar\u0131n\u0131 ve d\u00f6nme arzular\u0131n\u0131 bildirdiklerini ekledi.<\/p>\n<p>Bu arada Avusturyal\u0131 gazeteler; Suriye&#8217;de krizin ba\u015flamas\u0131ndan bu yana Avusturyal\u0131 14 gen\u00e7 k\u0131z\u0131n Suriye&#8217;ye I\u015e\u0130D saflar\u0131na kat\u0131lmaya geldiklerini aktard\u0131.<\/p>\n","protected":false},"excerpt":{"rendered":"<p>V\u0130YANA \u2013 Gazete yay\u0131nlad\u0131\u011f\u0131 raporda 15 ya\u015flar\u0131ndaki Spina Salimobak ve 17 ya\u015flar\u0131ndaki Samara Xenobak adl\u0131 iki gen\u00e7 k\u0131z\u0131n ailelerinden ka\u00e7malar\u0131 ard\u0131ndan T\u00fcrkiye \u00fczerinden Suriye&#8217;ye girdiklerini ifade etti. \u0130ki k\u0131z\u0131n tekfirci I\u015e\u0130D saflar\u0131nda bir s\u00fcre kal\u0131p deh\u015fet verici vah\u015fetlere tan\u0131k olmalar\u0131 ard\u0131ndan bir yolunu bulup aileleriyle ba\u011flant\u0131 kurduklar\u0131n\u0131 ve d\u00f6nme arzular\u0131n\u0131 bildirdiklerini ekledi. Bu arada Avusturyal\u0131 &hellip;<\/p>\n","protected":false},"author":1,"featured_media":12701,"comment_status":"closed","ping_status":"closed","sticky":false,"template":"","format":"standard","meta":{"footnotes":""},"categories":[458,459,447],"tags":[3424],"class_list":["post-12700","post","type-post","status-publish","format-standard","has-post-thumbnail","","category-dunya1","category-haberler-arap-uluslararasi-politika","category-politika","tag-gordukleri-vahset-onlari-pisman-etti-viyana-gazete-yayinladigi-raporda-15-yaslarindaki-spina-salimobak-ve-17-yaslarindaki-samara-xenobak-adli-iki-genc-kizin-ailelerinden-kacmalari-ardindan-t"],"_links":{"self":[{"href":"https:\/\/archive.sana.sy\/tr\/index.php?rest_route=\/wp\/v2\/posts\/12700","targetHints":{"allow":["GET"]}}],"collection":[{"href":"https:\/\/archive.sana.sy\/tr\/index.php?rest_route=\/wp\/v2\/posts"}],"about":[{"href":"https:\/\/archive.sana.sy\/tr\/index.php?rest_route=\/wp\/v2\/types\/post"}],"author":[{"embeddable":true,"href":"https:\/\/archive.sana.sy\/tr\/index.php?rest_route=\/wp\/v2\/users\/1"}],"replies":[{"embeddable":true,"href":"https:\/\/archive.sana.sy\/tr\/index.php?rest_route=%2Fwp%2Fv2%2Fcomments&post=12700"}],"version-history":[{"count":0,"href":"https:\/\/archive.sana.sy\/tr\/index.php?rest_route=\/wp\/v2\/posts\/12700\/revisions"}],"wp:featuredmedia":[{"embeddable":true,"href":"https:\/\/archive.sana.sy\/tr\/index.php?rest_route=\/wp\/v2\/media\/12701"}],"wp:attachment":[{"href":"https:\/\/archive.sana.sy\/tr\/index.php?rest_route=%2Fwp%2Fv2%2Fmedia&parent=12700"}],"wp:term":[{"taxonomy":"category","embeddable":true,"href":"https:\/\/archive.sana.sy\/tr\/index.php?rest_route=%2Fwp%2Fv2%2Fcategories&post=12700"},{"taxonomy":"post_tag","embeddable":true,"href":"https:\/\/archive.sana.sy\/tr\/index.php?rest_route=%2Fwp%2Fv2%2Ftags&post=12700"}],"curies":[{"name":"wp","href":"https:\/\/api.w.org\/{rel}","templated":true}]}}